{"id":7733,"date":"2023-02-13T17:06:39","date_gmt":"2023-02-13T15:06:39","guid":{"rendered":"https:\/\/www.wemovenow.com\/?p=7733"},"modified":"2023-02-14T12:39:10","modified_gmt":"2023-02-14T10:39:10","slug":"umsatzsteuer-auf-photovoltaik-anlagen-fuer-private-soll-fallen","status":"publish","type":"post","link":"https:\/\/www.wemovenow.com\/en\/greenmobility\/umsatzsteuer-auf-photovoltaik-anlagen-fuer-private-soll-fallen\/","title":{"rendered":"Umsatzsteuer auf Photovoltaik-Anlagen f\u00fcr Private soll fallen"},"content":{"rendered":"<div data-elementor-type=\"wp-post\" data-elementor-id=\"7733\" class=\"elementor elementor-7733\">\n\t\t\t\t\t\t<section class=\"has_eae_slider elementor-section elementor-top-section elementor-element elementor-element-3cad0c8d elementor-section-boxed elementor-section-height-default elementor-section-height-default\" data-id=\"3cad0c8d\" data-element_type=\"section\">\n\t\t\t\t\t\t<div class=\"elementor-container elementor-column-gap-default\">\n\t\t\t\t\t<div class=\"has_eae_slider elementor-column elementor-col-100 elementor-top-column elementor-element elementor-element-5552adb6\" data-id=\"5552adb6\" data-element_type=\"column\">\n\t\t\t<div class=\"elementor-widget-wrap elementor-element-populated\">\n\t\t\t\t\t\t<div class=\"elementor-element elementor-element-5f2c7215 elementor-widget elementor-widget-text-editor\" data-id=\"5f2c7215\" data-element_type=\"widget\" data-widget_type=\"text-editor.default\">\n\t\t\t\t<div class=\"elementor-widget-container\">\n\t\t\t\t\t\t\t\t\t<p><span style=\"font-size: 14px; color: var( --e-global-color-text );\"><b>Nicht brennend, aber brandaktuell sind folgende Neuigkeiten. Angelehnt an das Modell in Deutschland k\u00f6nnte die Errichtung f\u00fcr Photovoltaik-Anlagen auch bald in \u00d6sterreich extrem g\u00fcnstig werden, weil die Regierung mit dem Gedanken spielt, die Mehrwertsteuer von 20% zu streichen. Damit ist dann jegliche F\u00f6rderung, die aktuell ohnehin schwierig zu bekommen ist, \u00fcberfl\u00fcssig.\u00a0<\/b><\/span><\/p><p><span style=\"font-size: 14px; color: var( --e-global-color-text );\">Wir bleiben an dem Thema dran und halten euch auf dem Laufenden, sobald sich etwas neues ergibt. Aktuelles aus dem Bereich Photovoltaik-Anlagen gibt es bereits, weil in Tirol auch davon gesprochen wird, dass Photovoltaik-Anlagen bis 30 kWp nicht mehr bauanzeige- oder baubewilligungspflichtig sind. Aktuell sind wir beim Erforschen, was es damit auf sich hat&#8230;.<\/span><\/p><p>\u00a0<\/p>\t\t\t\t\t\t\t\t<\/div>\n\t\t\t\t<\/div>\n\t\t\t\t\t<\/div>\n\t\t<\/div>\n\t\t\t\t\t<\/div>\n\t\t<\/section>\n\t\t\t\t<\/div>","protected":false},"excerpt":{"rendered":"<p>Nicht brennend, aber brandaktuell sind folgende Neuigkeiten. Angelehnt an das Modell in Deutschland k\u00f6nnte die Errichtung f\u00fcr Photovoltaik-Anlagen auch bald in \u00d6sterreich extrem g\u00fcnstig werden, weil die Regierung mit dem Gedanken spielt, die Mehrwertsteuer von 20% zu streichen. Damit ist dann jegliche F\u00f6rderung, die aktuell ohnehin schwierig zu bekommen ist, \u00fcberfl\u00fcssig.&nbsp; Wir bleiben an dem [&hellip;]<\/p>","protected":false},"author":1,"featured_media":7438,"comment_status":"open","ping_status":"open","sticky":false,"template":"","format":"standard","meta":{"footnotes":""},"categories":[48,46,45],"tags":[101,86,49,87,89,90,120],"class_list":["post-7733","post","type-post","status-publish","format-standard","has-post-thumbnail","hentry","category-greenconstruction","category-greeneconomy","category-greenmobility","tag-carsharing","tag-co2-frei","tag-elektroauto","tag-elektromobilitaet","tag-solar","tag-solarenergie","tag-stromerzeugung","entry","has-media","owp-thumbs-layout-horizontal","owp-btn-normal","owp-tabs-layout-horizontal","has-no-thumbnails","has-product-nav"],"_links":{"self":[{"href":"https:\/\/www.wemovenow.com\/en\/wp-json\/wp\/v2\/posts\/7733","targetHints":{"allow":["GET"]}}],"collection":[{"href":"https:\/\/www.wemovenow.com\/en\/wp-json\/wp\/v2\/posts"}],"about":[{"href":"https:\/\/www.wemovenow.com\/en\/wp-json\/wp\/v2\/types\/post"}],"author":[{"embeddable":true,"href":"https:\/\/www.wemovenow.com\/en\/wp-json\/wp\/v2\/users\/1"}],"replies":[{"embeddable":true,"href":"https:\/\/www.wemovenow.com\/en\/wp-json\/wp\/v2\/comments?post=7733"}],"version-history":[{"count":12,"href":"https:\/\/www.wemovenow.com\/en\/wp-json\/wp\/v2\/posts\/7733\/revisions"}],"predecessor-version":[{"id":7745,"href":"https:\/\/www.wemovenow.com\/en\/wp-json\/wp\/v2\/posts\/7733\/revisions\/7745"}],"wp:featuredmedia":[{"embeddable":true,"href":"https:\/\/www.wemovenow.com\/en\/wp-json\/wp\/v2\/media\/7438"}],"wp:attachment":[{"href":"https:\/\/www.wemovenow.com\/en\/wp-json\/wp\/v2\/media?parent=7733"}],"wp:term":[{"taxonomy":"category","embeddable":true,"href":"https:\/\/www.wemovenow.com\/en\/wp-json\/wp\/v2\/categories?post=7733"},{"taxonomy":"post_tag","embeddable":true,"href":"https:\/\/www.wemovenow.com\/en\/wp-json\/wp\/v2\/tags?post=7733"}],"curies":[{"name":"wp","href":"https:\/\/api.w.org\/{rel}","templated":true}]}}