{"id":7575,"date":"2022-12-26T16:08:36","date_gmt":"2022-12-26T14:08:36","guid":{"rendered":"https:\/\/www.wemovenow.com\/?p=7575"},"modified":"2022-12-26T17:21:11","modified_gmt":"2022-12-26T15:21:11","slug":"save-sion","status":"publish","type":"post","link":"https:\/\/www.wemovenow.com\/en\/greenmobility\/save-sion\/","title":{"rendered":"SAVE SION"},"content":{"rendered":"<div data-elementor-type=\"wp-post\" data-elementor-id=\"7575\" class=\"elementor elementor-7575\">\n\t\t\t\t\t\t<section class=\"has_eae_slider elementor-section elementor-top-section elementor-element elementor-element-3cad0c8d elementor-section-boxed elementor-section-height-default elementor-section-height-default\" data-id=\"3cad0c8d\" data-element_type=\"section\">\n\t\t\t\t\t\t<div class=\"elementor-container elementor-column-gap-default\">\n\t\t\t\t\t<div class=\"has_eae_slider elementor-column elementor-col-100 elementor-top-column elementor-element elementor-element-5552adb6\" data-id=\"5552adb6\" data-element_type=\"column\">\n\t\t\t<div class=\"elementor-widget-wrap elementor-element-populated\">\n\t\t\t\t\t\t<div class=\"elementor-element elementor-element-5f2c7215 elementor-widget elementor-widget-text-editor\" data-id=\"5f2c7215\" data-element_type=\"widget\" data-widget_type=\"text-editor.default\">\n\t\t\t\t<div class=\"elementor-widget-container\">\n\t\t\t\t\t\t\t\t\t<p><strong>Es wird Zeit, dass die Kraft der Sonne auch auf Autokarosserien genutzt wird. Aus diesem Grund haben wir die Solarautos SION f\u00fcr unseren MobilityHUB vorbestellt.<\/strong><\/p><p>Die Idee, Photovoltaik auf die Au\u00dfenseiten der PKW zu integrieren, ist sehr simpel, ihre Umsetzung erfordert allerdings einiges an Mut und nat\u00fcrlich viel Geduld. Eines der ersten Elektrofahrzeuge mit integrierten Solarmodulen war dazumal der Fisker, der allerdings sehr \u00fcberschauliche Energie aus den integrierten Photovoltaik-Paneelen zog. Seit gut 5 Jahren geben auch Sono Motors &#8222;Strom&#8220;, ihren Sion endlich auf den Markt zu bringen. Und er kann sich sehen lassen mit seinen rund 20 &#8211; 30 km Reichweite, die pro Tag nur durch Sonneneinstrahlung und diffuse Seiteneinstrahlung produziert und in der Autobatterie gespeichert werden. Der Sion hat extrem viele coole Features wie bidirektionales Laden, schon integrierte Carsharing Telematik und viel Platz.<\/p><p>Aus diesem Grund haben wir von WE MOVE NOW Sion&#8217;s vorbestellt, weil wir sie nat\u00fcrlich in unsere Flotte aufnehmen wollen. Sono Motors steht vor der Herausforderung, in den kommenden 31 Tagen noch das restliche Geld von rund 2.500 Autos in Form von Anzahlungen, Teilzahlungen und auch komplette Zahlungen einzusammeln. Sicherheits-Feature: Das Geld wird erst f\u00e4llig, wenn sie das Ziel auch erreichen. Also brauchen sie aktuell &#8222;nur&#8220; das Komitment, dass ein Auto gekauft wird. Im Falle des Erreichens des Ziels wird dies dann ein g\u00fcltiger Vertrag und man kann sich auf ein cooles Solarauto freuen. Wird das Ziel nicht erreicht, wird nichts abgebucht und es verf\u00e4llt der Vertrag.<\/p><p>Eine sehr faire Sache f\u00fcr die Kundenseite, die sehr transparent gestaltet ist. Wir dr\u00fccken die Daumen und ermutigen alle, sich auch am Erfolgsmodell Sono Motors zu beteiligen und ein Unternehmen zu supporten, dass ein gutes Ziel hat, n\u00e4mlich eine Welt ohne fossile Brennstoffe zu gestalten. Wie schon erw\u00e4hnt, wir sind dabei und freuen uns, wenn m\u00f6glichst viele auch mitmachen.<\/p><p>Hier der direkte <a href=\"https:\/\/sonomotors.com\/de\/\" target=\"_blank\" rel=\"noopener\">Link<\/a> zur Website.<\/p>\t\t\t\t\t\t\t\t<\/div>\n\t\t\t\t<\/div>\n\t\t\t\t\t<\/div>\n\t\t<\/div>\n\t\t\t\t\t<\/div>\n\t\t<\/section>\n\t\t\t\t<\/div>","protected":false},"excerpt":{"rendered":"<p>Es wird Zeit, dass die Kraft der Sonne auch auf Autokarosserien genutzt wird. Aus diesem Grund haben wir die Solarautos SION f\u00fcr unseren MobilityHUB vorbestellt. Die Idee, Photovoltaik auf die Au\u00dfenseiten der PKW zu integrieren, ist sehr simpel, ihre Umsetzung erfordert allerdings einiges an Mut und nat\u00fcrlich viel Geduld. Eines der ersten Elektrofahrzeuge mit integrierten [&hellip;]<\/p>","protected":false},"author":1,"featured_media":7581,"comment_status":"open","ping_status":"open","sticky":false,"template":"","format":"standard","meta":{"footnotes":""},"categories":[46,45],"tags":[86,55,49,87,89,88,90],"class_list":["post-7575","post","type-post","status-publish","format-standard","has-post-thumbnail","hentry","category-greeneconomy","category-greenmobility","tag-co2-frei","tag-e-auto","tag-elektroauto","tag-elektromobilitaet","tag-solar","tag-solarauto","tag-solarenergie","entry","has-media","owp-thumbs-layout-horizontal","owp-btn-normal","owp-tabs-layout-horizontal","has-no-thumbnails","has-product-nav"],"_links":{"self":[{"href":"https:\/\/www.wemovenow.com\/en\/wp-json\/wp\/v2\/posts\/7575","targetHints":{"allow":["GET"]}}],"collection":[{"href":"https:\/\/www.wemovenow.com\/en\/wp-json\/wp\/v2\/posts"}],"about":[{"href":"https:\/\/www.wemovenow.com\/en\/wp-json\/wp\/v2\/types\/post"}],"author":[{"embeddable":true,"href":"https:\/\/www.wemovenow.com\/en\/wp-json\/wp\/v2\/users\/1"}],"replies":[{"embeddable":true,"href":"https:\/\/www.wemovenow.com\/en\/wp-json\/wp\/v2\/comments?post=7575"}],"version-history":[{"count":6,"href":"https:\/\/www.wemovenow.com\/en\/wp-json\/wp\/v2\/posts\/7575\/revisions"}],"predecessor-version":[{"id":7582,"href":"https:\/\/www.wemovenow.com\/en\/wp-json\/wp\/v2\/posts\/7575\/revisions\/7582"}],"wp:featuredmedia":[{"embeddable":true,"href":"https:\/\/www.wemovenow.com\/en\/wp-json\/wp\/v2\/media\/7581"}],"wp:attachment":[{"href":"https:\/\/www.wemovenow.com\/en\/wp-json\/wp\/v2\/media?parent=7575"}],"wp:term":[{"taxonomy":"category","embeddable":true,"href":"https:\/\/www.wemovenow.com\/en\/wp-json\/wp\/v2\/categories?post=7575"},{"taxonomy":"post_tag","embeddable":true,"href":"https:\/\/www.wemovenow.com\/en\/wp-json\/wp\/v2\/tags?post=7575"}],"curies":[{"name":"wp","href":"https:\/\/api.w.org\/{rel}","templated":true}]}}