{"id":6027,"date":"2022-07-05T08:54:04","date_gmt":"2022-07-05T06:54:04","guid":{"rendered":"https:\/\/www.wemovenow.com\/?p=6027"},"modified":"2022-08-25T15:29:17","modified_gmt":"2022-08-25T13:29:17","slug":"elektrosmog-und-elektroautos-gefaehrlich","status":"publish","type":"post","link":"https:\/\/www.wemovenow.com\/en\/greenmobility\/elektrosmog-und-elektroautos-gefaehrlich\/","title":{"rendered":"Elektrosmog und Elektroautos &#8211; gef\u00e4hrlich?"},"content":{"rendered":"<div data-elementor-type=\"wp-post\" data-elementor-id=\"6027\" class=\"elementor elementor-6027\">\n\t\t\t\t\t\t<section class=\"has_eae_slider elementor-section elementor-top-section elementor-element elementor-element-60b950e2 elementor-section-boxed elementor-section-height-default elementor-section-height-default\" data-id=\"60b950e2\" data-element_type=\"section\">\n\t\t\t\t\t\t<div class=\"elementor-container elementor-column-gap-default\">\n\t\t\t\t\t<div class=\"has_eae_slider elementor-column elementor-col-100 elementor-top-column elementor-element elementor-element-4effff65\" data-id=\"4effff65\" data-element_type=\"column\">\n\t\t\t<div class=\"elementor-widget-wrap elementor-element-populated\">\n\t\t\t\t\t\t<section class=\"has_eae_slider elementor-section elementor-inner-section elementor-element elementor-element-e52c9a0 elementor-section-boxed elementor-section-height-default elementor-section-height-default\" data-id=\"e52c9a0\" data-element_type=\"section\">\n\t\t\t\t\t\t<div class=\"elementor-container elementor-column-gap-default\">\n\t\t\t\t\t<div class=\"has_eae_slider elementor-column elementor-col-100 elementor-inner-column elementor-element elementor-element-3d8c125\" data-id=\"3d8c125\" data-element_type=\"column\">\n\t\t\t<div class=\"elementor-widget-wrap elementor-element-populated\">\n\t\t\t\t\t\t<div class=\"elementor-element elementor-element-0ce1ef8 elementor-widget elementor-widget-text-editor\" data-id=\"0ce1ef8\" data-element_type=\"widget\" data-widget_type=\"text-editor.default\">\n\t\t\t\t<div class=\"elementor-widget-container\">\n\t\t\t\t\t\t\t\t\t<p style=\"font-variant-ligatures: normal; font-variant-caps: normal; font-family: Roboto, sans-serif; font-size: 14px; font-style: normal; font-weight: 400;\">Gerade beim Fahren eines Elektroautos stellen sich vor allem kritische Denker sowie gesundheitsbewusste Menschen die Frage, wie hoch die E-Smog-Belastung tats\u00e4chlich ist. Diese Frage gilt es nat\u00fcrlich zu kl\u00e4ren. Im Netz findet man bei kurzer Recherche dazu ja unterschiedliche Informationen, wie z.B.\u00a0<a style=\"font-size: 14px;\" href=\"https:\/\/www.elektrosmog.com\/?s=elektroauto&amp;submit=Suchen\" target=\"_blank\" rel=\"noopener\">hier<\/a>.<\/p><p style=\"font-variant-ligatures: normal; font-variant-caps: normal; font-family: Roboto, sans-serif; font-size: 14px; font-style: normal; font-weight: 400;\">Obwohl wir seit rund 6 Jahren ausschlie\u00dflich elektrisch unterwegs sind, haben sich aus unseren Beobachtungen keine gesundheitlichen Sch\u00e4den entwickelt. Das angenehme Gef\u00fchl des Gleitens l\u00f6st eher Gl\u00fccksgef\u00fchle aus, die ja ganzheitlich gesundheitlich gesehen auch ihre Auswirkung haben sollen. Da die Beobachtungszeit in unserem Fall jedoch noch keine Jahrzehnte sind, haben wir etwas nachgeforscht und entdeckt, dass das BfS, das Bundesministerium f\u00fcr Strahlenschutz, Messungen durchgef\u00fchrt hat. Demzufolge haben Elektroautos teilweise sogar weniger Strahlenbelastung als Verbrenner. Und das, obwohl HV-Batterie und Elektromotoren verbaut sind.<\/p><p style=\"font-variant-ligatures: normal; font-variant-caps: normal; font-family: Roboto, sans-serif; font-size: 14px; font-style: normal; font-weight: 400;\">Die Erkl\u00e4rung bei den Tesla-Fahrzeugen liegt daran, dass die elektromagnetischen Bauteile extrem abgschirmt sind. Messungen zufolge liegt die\u00a0<a style=\"font-size: 14px;\" href=\"https:\/\/energyload.eu\/elektromobilitaet\/elektroauto\/elektroautos-strahlenbelastung\/\" target=\"_blank\" rel=\"noopener\">Strahlenbelastung<\/a>\u00a0beim Tesla Model S z.B. 20 nT (nanotesla) im Kopf- und H\u00fcftbereich und im Fu\u00dfbereich lediglich bei 101 nT. Die h\u00f6chst zul\u00e4ssige Grenze liegt bei 1000 nT. Also liegt speziell Tesla hier weit unterhalb der zul\u00e4ssigen Grenzen. Auch bei anderen Elektroautos, die untersucht wurden, lagen diese alle weit unterhalb der maximal zul\u00e4ssigen Grenzen.<\/p><p style=\"font-variant-ligatures: normal; font-variant-caps: normal; font-family: Roboto, sans-serif; font-size: 14px; font-style: normal; font-weight: 400;\">2014 haben bereits\u00a0<a style=\"font-size: 14px;\" href=\"https:\/\/ecomento.de\/2014\/05\/07\/sind-elektroautos-gefaehrlich-fuer-unsere-gesundheit-das-sagt-die-wissenschaft\/\" target=\"_blank\" rel=\"noopener\">schwedische Wissenschaftler<\/a>\u00a0eine l\u00e4nder\u00fcbergreifende Studie durchgef\u00fchrt und sind zu \u00e4hnlichen Ergebnissen gekommen, die allesamt belegen, dass die Strahlenbelastung \u00e4hnlich von Verbrennerfahrzeugen sind. Nat\u00fcrlich muss man\/frau sich immer im Klaren sein, dass jedes elektronische Ger\u00e4t &#8222;strahlt&#8220;. Am ges\u00fcndesten w\u00fcrde es nat\u00fcrlich sein, wenn alle zu Fu\u00df oder mit dem Fahrrad fahre, wobei dort auch schon meist Elektronik verbaut ist.<\/p><p style=\"font-variant-ligatures: normal; font-variant-caps: normal; font-family: Roboto, sans-serif; font-size: 14px; font-style: normal; font-weight: 400;\">Wir werden weiterhin unsere Augen offen halten und mitverfolgen, wie sich die Situation entwickelt. Speziell im Hinblick auch mit Fahrzeugen, die autonom fahren, mittels 5G kommunizieren etc.<\/p><p style=\"font-variant-ligatures: normal; font-variant-caps: normal; font-family: Roboto, sans-serif; font-size: 14px; font-style: normal; font-weight: 400;\">Auf jeden Fall freuen wir uns \u00fcber weitere Berichte, Studien und pers\u00f6nliche F\u00e4lle, welche uns in einen Diskurs mit der Thematik bringen. Gerne unten kommentieren!<\/p><p>\u00a0<\/p>\t\t\t\t\t\t\t\t<\/div>\n\t\t\t\t<\/div>\n\t\t\t\t\t<\/div>\n\t\t<\/div>\n\t\t\t\t\t<\/div>\n\t\t<\/section>\n\t\t\t\t\t<\/div>\n\t\t<\/div>\n\t\t\t\t\t<\/div>\n\t\t<\/section>\n\t\t\t\t<\/div>","protected":false},"excerpt":{"rendered":"<p>Gerade beim Fahren eines Elektroautos stellen sich vor allem kritische Denker sowie gesundheitsbewusste Menschen die Frage, wie hoch die E-Smog-Belastung tats\u00e4chlich ist. Diese Frage gilt es nat\u00fcrlich zu kl\u00e4ren. Im Netz findet man bei kurzer Recherche dazu ja unterschiedliche Informationen, wie z.B.&nbsp;hier. Obwohl wir seit rund 6 Jahren ausschlie\u00dflich elektrisch unterwegs sind, haben sich aus [&hellip;]<\/p>","protected":false},"author":1,"featured_media":5364,"comment_status":"open","ping_status":"open","sticky":false,"template":"","format":"standard","meta":{"footnotes":""},"categories":[46,45],"tags":[69,70,55,49,72,56],"class_list":["post-6027","post","type-post","status-publish","format-standard","has-post-thumbnail","hentry","category-greeneconomy","category-greenmobility","tag-abgase","tag-dreck","tag-e-auto","tag-elektroauto","tag-elektrosmog","tag-entspannung","entry","has-media","owp-thumbs-layout-horizontal","owp-btn-normal","owp-tabs-layout-horizontal","has-no-thumbnails","has-product-nav"],"_links":{"self":[{"href":"https:\/\/www.wemovenow.com\/en\/wp-json\/wp\/v2\/posts\/6027","targetHints":{"allow":["GET"]}}],"collection":[{"href":"https:\/\/www.wemovenow.com\/en\/wp-json\/wp\/v2\/posts"}],"about":[{"href":"https:\/\/www.wemovenow.com\/en\/wp-json\/wp\/v2\/types\/post"}],"author":[{"embeddable":true,"href":"https:\/\/www.wemovenow.com\/en\/wp-json\/wp\/v2\/users\/1"}],"replies":[{"embeddable":true,"href":"https:\/\/www.wemovenow.com\/en\/wp-json\/wp\/v2\/comments?post=6027"}],"version-history":[{"count":27,"href":"https:\/\/www.wemovenow.com\/en\/wp-json\/wp\/v2\/posts\/6027\/revisions"}],"predecessor-version":[{"id":6818,"href":"https:\/\/www.wemovenow.com\/en\/wp-json\/wp\/v2\/posts\/6027\/revisions\/6818"}],"wp:featuredmedia":[{"embeddable":true,"href":"https:\/\/www.wemovenow.com\/en\/wp-json\/wp\/v2\/media\/5364"}],"wp:attachment":[{"href":"https:\/\/www.wemovenow.com\/en\/wp-json\/wp\/v2\/media?parent=6027"}],"wp:term":[{"taxonomy":"category","embeddable":true,"href":"https:\/\/www.wemovenow.com\/en\/wp-json\/wp\/v2\/categories?post=6027"},{"taxonomy":"post_tag","embeddable":true,"href":"https:\/\/www.wemovenow.com\/en\/wp-json\/wp\/v2\/tags?post=6027"}],"curies":[{"name":"wp","href":"https:\/\/api.w.org\/{rel}","templated":true}]}}