{"id":5974,"date":"2022-03-16T14:00:13","date_gmt":"2022-03-16T12:00:13","guid":{"rendered":"https:\/\/www.wemovenow.com\/?p=5974"},"modified":"2022-03-16T14:07:31","modified_gmt":"2022-03-16T12:07:31","slug":"die-neuen-foerderungen-fuer-elektromobilitaet-sind-online","status":"publish","type":"post","link":"https:\/\/www.wemovenow.com\/en\/greenmobility\/die-neuen-foerderungen-fuer-elektromobilitaet-sind-online\/","title":{"rendered":"Die neuen F\u00f6rderungen f\u00fcr Elektromobilit\u00e4t sind online"},"content":{"rendered":"<div data-elementor-type=\"wp-post\" data-elementor-id=\"5974\" class=\"elementor elementor-5974\">\n\t\t\t\t\t\t<section class=\"has_eae_slider elementor-section elementor-top-section elementor-element elementor-element-60b950e2 elementor-section-boxed elementor-section-height-default elementor-section-height-default\" data-id=\"60b950e2\" data-element_type=\"section\">\n\t\t\t\t\t\t<div class=\"elementor-container elementor-column-gap-default\">\n\t\t\t\t\t<div class=\"has_eae_slider elementor-column elementor-col-100 elementor-top-column elementor-element elementor-element-4effff65\" data-id=\"4effff65\" data-element_type=\"column\">\n\t\t\t<div class=\"elementor-widget-wrap elementor-element-populated\">\n\t\t\t\t\t\t<section class=\"has_eae_slider elementor-section elementor-inner-section elementor-element elementor-element-e52c9a0 elementor-section-boxed elementor-section-height-default elementor-section-height-default\" data-id=\"e52c9a0\" data-element_type=\"section\">\n\t\t\t\t\t\t<div class=\"elementor-container elementor-column-gap-default\">\n\t\t\t\t\t<div class=\"has_eae_slider elementor-column elementor-col-100 elementor-inner-column elementor-element elementor-element-3d8c125\" data-id=\"3d8c125\" data-element_type=\"column\">\n\t\t\t<div class=\"elementor-widget-wrap elementor-element-populated\">\n\t\t\t\t\t\t<div class=\"elementor-element elementor-element-0ce1ef8 elementor-widget elementor-widget-text-editor\" data-id=\"0ce1ef8\" data-element_type=\"widget\" data-widget_type=\"text-editor.default\">\n\t\t\t\t<div class=\"elementor-widget-container\">\n\t\t\t\t\t\t\t\t\t<p>Endlich ist es soweit. Angespannt haben viele gewartet. Die neuen F\u00f6rderungen sind endlich \u00f6ffentlich und online einsehbar.<\/p><p><span style=\"font-family: Roboto, sans-serif; font-size: 14px; font-style: normal; font-variant-ligatures: normal; font-variant-caps: normal; font-weight: 400;\">Im Grunde genommen ist fast alles gleich geblieben, bis auf den Unterschied, dass Unternehmen beim Kauf eines reinen Elektroautos eben nicht mehr 2.000,-, sondern nur mehr 1.000,- vom Bund erhalten. Hinzu gekommen ist eine neue Kategorie f\u00fcr Elektromotorr\u00e4der ab 11 kW Leistung, wo der Bund sage und schreibe 1.400,- zuschie\u00dft. Warum auch nicht &#8211; der Motorradsport soll gef\u00f6rdert werden oder?! Vielleicht war da auch eine bestimmte Lobby am Mitreden&#8230;<\/span><\/p><p>Mehr Infos unter:\u00a0<a style=\"font-size: 14px; background-color: #ffffff;\" href=\"https:\/\/www.umweltfoerderung.at\/\" target=\"_blank\" rel=\"noopener\">umweltf\u00f6rderung.at<\/a><\/p><p><br \/><br \/><\/p>\t\t\t\t\t\t\t\t<\/div>\n\t\t\t\t<\/div>\n\t\t\t\t\t<\/div>\n\t\t<\/div>\n\t\t\t\t\t<\/div>\n\t\t<\/section>\n\t\t\t\t\t<\/div>\n\t\t<\/div>\n\t\t\t\t\t<\/div>\n\t\t<\/section>\n\t\t\t\t<\/div>","protected":false},"excerpt":{"rendered":"<p>Endlich ist es soweit. Angespannt haben viele gewartet. Die neuen F\u00f6rderungen sind endlich \u00f6ffentlich und online einsehbar. Im Grunde genommen ist fast alles gleich geblieben, bis auf den Unterschied, dass Unternehmen beim Kauf eines reinen Elektroautos eben nicht mehr 2.000,-, sondern nur mehr 1.000,- vom Bund erhalten. Hinzu gekommen ist eine neue Kategorie f\u00fcr Elektromotorr\u00e4der [&hellip;]<\/p>","protected":false},"author":1,"featured_media":5220,"comment_status":"open","ping_status":"open","sticky":false,"template":"","format":"standard","meta":{"footnotes":""},"categories":[46,45],"tags":[55,49,56,53,54,51,52,50],"class_list":["post-5974","post","type-post","status-publish","format-standard","has-post-thumbnail","hentry","category-greeneconomy","category-greenmobility","tag-e-auto","tag-elektroauto","tag-entspannung","tag-hyundai","tag-kona","tag-kroatien","tag-tesla","tag-urlaub","entry","has-media","owp-thumbs-layout-horizontal","owp-btn-normal","owp-tabs-layout-horizontal","has-no-thumbnails","has-product-nav"],"_links":{"self":[{"href":"https:\/\/www.wemovenow.com\/en\/wp-json\/wp\/v2\/posts\/5974","targetHints":{"allow":["GET"]}}],"collection":[{"href":"https:\/\/www.wemovenow.com\/en\/wp-json\/wp\/v2\/posts"}],"about":[{"href":"https:\/\/www.wemovenow.com\/en\/wp-json\/wp\/v2\/types\/post"}],"author":[{"embeddable":true,"href":"https:\/\/www.wemovenow.com\/en\/wp-json\/wp\/v2\/users\/1"}],"replies":[{"embeddable":true,"href":"https:\/\/www.wemovenow.com\/en\/wp-json\/wp\/v2\/comments?post=5974"}],"version-history":[{"count":5,"href":"https:\/\/www.wemovenow.com\/en\/wp-json\/wp\/v2\/posts\/5974\/revisions"}],"predecessor-version":[{"id":5979,"href":"https:\/\/www.wemovenow.com\/en\/wp-json\/wp\/v2\/posts\/5974\/revisions\/5979"}],"wp:featuredmedia":[{"embeddable":true,"href":"https:\/\/www.wemovenow.com\/en\/wp-json\/wp\/v2\/media\/5220"}],"wp:attachment":[{"href":"https:\/\/www.wemovenow.com\/en\/wp-json\/wp\/v2\/media?parent=5974"}],"wp:term":[{"taxonomy":"category","embeddable":true,"href":"https:\/\/www.wemovenow.com\/en\/wp-json\/wp\/v2\/categories?post=5974"},{"taxonomy":"post_tag","embeddable":true,"href":"https:\/\/www.wemovenow.com\/en\/wp-json\/wp\/v2\/tags?post=5974"}],"curies":[{"name":"wp","href":"https:\/\/api.w.org\/{rel}","templated":true}]}}