{"id":5657,"date":"2021-09-29T22:14:52","date_gmt":"2021-09-29T20:14:52","guid":{"rendered":"https:\/\/www.wemovenow.com\/?p=5657"},"modified":"2022-07-23T14:59:14","modified_gmt":"2022-07-23T12:59:14","slug":"ist-elektroauto-fahren-nur-etwas-fuer-intelligente","status":"publish","type":"post","link":"https:\/\/www.wemovenow.com\/en\/uncategorized\/ist-elektroauto-fahren-nur-etwas-fuer-intelligente\/","title":{"rendered":"Ist Elektroauto fahren nur etwas f\u00fcr Intelligente?"},"content":{"rendered":"<div data-elementor-type=\"wp-post\" data-elementor-id=\"5657\" class=\"elementor elementor-5657\">\n\t\t\t\t\t\t<section class=\"has_eae_slider elementor-section elementor-top-section elementor-element elementor-element-60b950e2 elementor-section-boxed elementor-section-height-default elementor-section-height-default\" data-id=\"60b950e2\" data-element_type=\"section\">\n\t\t\t\t\t\t<div class=\"elementor-container elementor-column-gap-default\">\n\t\t\t\t\t<div class=\"has_eae_slider elementor-column elementor-col-100 elementor-top-column elementor-element elementor-element-4effff65\" data-id=\"4effff65\" data-element_type=\"column\">\n\t\t\t<div class=\"elementor-widget-wrap elementor-element-populated\">\n\t\t\t\t\t\t<section class=\"has_eae_slider elementor-section elementor-inner-section elementor-element elementor-element-e52c9a0 elementor-section-boxed elementor-section-height-default elementor-section-height-default\" data-id=\"e52c9a0\" data-element_type=\"section\">\n\t\t\t\t\t\t<div class=\"elementor-container elementor-column-gap-default\">\n\t\t\t\t\t<div class=\"has_eae_slider elementor-column elementor-col-100 elementor-inner-column elementor-element elementor-element-3d8c125\" data-id=\"3d8c125\" data-element_type=\"column\">\n\t\t\t<div class=\"elementor-widget-wrap elementor-element-populated\">\n\t\t\t\t\t\t<div class=\"elementor-element elementor-element-f04cbdb elementor-widget elementor-widget-video\" data-id=\"f04cbdb\" data-element_type=\"widget\" data-settings=\"{&quot;youtube_url&quot;:&quot;https:\\\/\\\/www.youtube.com\\\/watch?v=4-E6OGuca2Q&quot;,&quot;video_type&quot;:&quot;youtube&quot;,&quot;controls&quot;:&quot;yes&quot;}\" data-widget_type=\"video.default\">\n\t\t\t\t<div class=\"elementor-widget-container\">\n\t\t\t\t\t\t\t<div class=\"elementor-wrapper elementor-open-inline\">\n\t\t\t<div class=\"elementor-video\"><\/div>\t\t<\/div>\n\t\t\t\t\t\t<\/div>\n\t\t\t\t<\/div>\n\t\t\t\t<div class=\"elementor-element elementor-element-0ce1ef8 elementor-widget elementor-widget-text-editor\" data-id=\"0ce1ef8\" data-element_type=\"widget\" data-widget_type=\"text-editor.default\">\n\t\t\t\t<div class=\"elementor-widget-container\">\n\t\t\t\t\t\t\t\t\t<p>Ein Wahnsinn !!!<\/p><p>Wenn wir es nicht selber besser wissen w\u00fcrden, w\u00fcrden wir sagen typisch. Was wollte Adriane Alter mit ihrem Video aussagen?<\/p><p>Dass mit dem E-Auto keine Urlaube m\u00f6glich sind?<br \/>Dass es keine Ladeinfrastruktur gibt?<br \/>Oder einfach, dass sie zu bl\u00f6d ist, ein E-Auto zu fahren :-)?<\/p><p>F\u00fcr uns macht die naiv erscheinende M\u00f6chtegern-Lustig-Moderatorin einen sehr merkw\u00fcrdigen Eindruck. Entweder sie lebt in einer Parallelwelt, in der Information nicht vorhanden ist oder sie stellt sich absichtlich bl\u00f6d und agiert als heimliche Lobbyistin f\u00fcr die Verbrenner-Industrie, die noch ihre produzierten Waren los werden m\u00fcssen.<\/p><p>Es stellen sich in ihrer Darbietung folgende Fragen:<\/p><p>Warum w\u00e4hlt sie ein Elektroauto-Modell mit 250 km Reichweite, wenn es doch eine gro\u00dfe Anzahl von Fahrzeugen gibt, die mittlerweile 400 &#8211; 500 km mit einer Ladung fahren und auch 70 &#8211; 100 kW Schnellladeleistung haben?<\/p><p>Warum f\u00e4hrt sie ohne Plan los, wenn sie nicht mal wei\u00df, bei welcher Ladestation sie wie bezahlen kann?<\/p><p>Warum nutzt sie nicht die gro\u00dfen Ladeanbieter wie EnBW, die europaweit fl\u00e4chendeckend Laden \u00fcber einen Betreiber anbieten k\u00f6nnen?<\/p><p>Und warum mietet sie nicht ein Auto bei WE MOVE NOW, wenn sie nicht nach km abgerechnet werden m\u00f6chte?<\/p><p>Ja, es gibt sie. Die Elektroautos mit 400 km Reichweite und mehr. Die Zeiten sind l\u00e4ngst vorbei, wo Smart und Mitsubishi mit 100 km Reichweite dann wieder an der Steckdose f\u00fcr 5 Stunden h\u00e4ngen mussten, bevor man weiter fahren konnte. Seit Hyundai Kona gemeinsam mit seinem Bruder Kia e-Niro vor \u00fcber 2 Jahren auf den Markt gekommen ist, k\u00f6nnen auch Menschen, die sich Tesla nicht leisten wollen, sorgenfrei Langstrecken fahren. Die hoch effizienten Elektroautos schaffen spielend 400 km. Im gem\u00fctlichen Tempo mit 100 km\/h fahren sie auch an die 500 km weit. Mittlerweile gibt es Polestar 2, Ioniq 5 und viele weitere neben Tesla, wo die Reichweitendiskussion nicht mehr existent ist. Denn ja, nach 500 km muss auch die Ariane mal Pippi machen. \u00dcbringens, unsere Mitarbeiter von WE MOVE NOW sind dieses Jahr einige Male in den S\u00fcden gefahren und die Strecke Innsbruck &#8211; Nordkroatien kann mit dem Model 3 von Tesla sogar durch gefahren werden.<\/p><p>Wenn wir uns aber schon aus welchem Grund auch immer entscheiden w\u00fcrden, f\u00fcr eine Langstrecke mit einem Mini-Akku-Auto zu fahren, dann w\u00fcrden wir unsere Strecke einfach gut mit Puffer planen. D.h. im Vorfeld einfach im <a href=\"https:\/\/abetterrouteplanner.com\" target=\"_blank\" rel=\"noopener\">Betterrouteplanner <\/a>die Strecke eingegen und schauen, wie der Ladeverlauf sein kann. Oder in google maps und den zahlreichen <a href=\"https:\/\/www.goingelectric.de\/stromtankstellen\/\" target=\"_blank\" rel=\"noopener\">Ladestationen-Anzeige-Apps<\/a> selbst eine coole Route planen. Ja, das mag mal eine halbe Stunde in Anspruch nehmen, vermindert aber ungew\u00fcnschte Situationen.<\/p><p>Dass die <a href=\"https:\/\/www.enbw.com\/elektromobilitaet\/produkte\/mobilityplus-app\" target=\"_blank\" rel=\"noopener\">Ladekarte von EnBW<\/a> mit all ihren Vertragspartnern ein sehr gro\u00dfes Netz beinhaltet und im Abstand von ca. 50 km Schnellladeinfrastruktur beinhaltet, ist sozusagen auch anf\u00e4ngersicher. Wer also nicht die Cent z\u00e4hlt oder es darauf anlegt, m\u00f6glichst kostenfrei zu laden, kommt mit der EnBW durch ganz Europa. Wer es noch einfacher haben m\u00f6chte, mietet sich einfach einen Tesla. Dort muss einfach ins Navi das Ziel eingegeben werden und Tesla plant die komplette Route und lotst dich dann direkt zu den Superchargern. Noch einfacher geht&#8217;s nicht.<\/p><p>Und zu guter letzt k\u00f6nnte sie ein Elektroauto bei WE MOVE NOW mieten. Damit f\u00e4hrt sie bestimmt g\u00fcnstiger als mit ihrem eigenen. Unsere Tarife sind n\u00e4mlich sogar im Vergleich zu Benzin- oder Dieselautos von klassischen Autovermietern g\u00fcnstiger. Wenn du also einen Trip planst, kontaktier uns. Unsere Experten planen sogar den Trip mit dir, wenn du dich nicht zurecht findest. Hier geht&#8217;s zur <a href=\"https:\/\/www.wemovenow.com\/en\/user-registrieren\/\" target=\"_blank\" rel=\"noopener\">Registierung<\/a>! Wir machen dich mobil !!! The silent revolution \ud83d\ude42<\/p><p>\u00a0<\/p>\t\t\t\t\t\t\t\t<\/div>\n\t\t\t\t<\/div>\n\t\t\t\t\t<\/div>\n\t\t<\/div>\n\t\t\t\t\t<\/div>\n\t\t<\/section>\n\t\t\t\t\t<\/div>\n\t\t<\/div>\n\t\t\t\t\t<\/div>\n\t\t<\/section>\n\t\t\t\t<\/div>","protected":false},"excerpt":{"rendered":"<p>Ein Wahnsinn !!! Wenn wir es nicht selber besser wissen w\u00fcrden, w\u00fcrden wir sagen typisch. Was wollte Adriane Alter mit ihrem Video aussagen? Dass mit dem E-Auto keine Urlaube m\u00f6glich sind? Dass es keine Ladeinfrastruktur gibt? Oder einfach, dass sie zu bl\u00f6d ist, ein E-Auto zu fahren :-)? F\u00fcr uns macht die naiv erscheinende M\u00f6chtegern-Lustig-Moderatorin [&hellip;]<\/p>","protected":false},"author":1,"featured_media":6285,"comment_status":"open","ping_status":"open","sticky":false,"template":"","format":"standard","meta":{"footnotes":""},"categories":[45,1],"tags":[55,49,56,53,54,51,52,50],"class_list":["post-5657","post","type-post","status-publish","format-standard","has-post-thumbnail","hentry","category-greenmobility","category-uncategorized","tag-e-auto","tag-elektroauto","tag-entspannung","tag-hyundai","tag-kona","tag-kroatien","tag-tesla","tag-urlaub","entry","has-media","owp-thumbs-layout-horizontal","owp-btn-normal","owp-tabs-layout-horizontal","has-no-thumbnails","has-product-nav"],"_links":{"self":[{"href":"https:\/\/www.wemovenow.com\/en\/wp-json\/wp\/v2\/posts\/5657","targetHints":{"allow":["GET"]}}],"collection":[{"href":"https:\/\/www.wemovenow.com\/en\/wp-json\/wp\/v2\/posts"}],"about":[{"href":"https:\/\/www.wemovenow.com\/en\/wp-json\/wp\/v2\/types\/post"}],"author":[{"embeddable":true,"href":"https:\/\/www.wemovenow.com\/en\/wp-json\/wp\/v2\/users\/1"}],"replies":[{"embeddable":true,"href":"https:\/\/www.wemovenow.com\/en\/wp-json\/wp\/v2\/comments?post=5657"}],"version-history":[{"count":8,"href":"https:\/\/www.wemovenow.com\/en\/wp-json\/wp\/v2\/posts\/5657\/revisions"}],"predecessor-version":[{"id":5666,"href":"https:\/\/www.wemovenow.com\/en\/wp-json\/wp\/v2\/posts\/5657\/revisions\/5666"}],"wp:featuredmedia":[{"embeddable":true,"href":"https:\/\/www.wemovenow.com\/en\/wp-json\/wp\/v2\/media\/6285"}],"wp:attachment":[{"href":"https:\/\/www.wemovenow.com\/en\/wp-json\/wp\/v2\/media?parent=5657"}],"wp:term":[{"taxonomy":"category","embeddable":true,"href":"https:\/\/www.wemovenow.com\/en\/wp-json\/wp\/v2\/categories?post=5657"},{"taxonomy":"post_tag","embeddable":true,"href":"https:\/\/www.wemovenow.com\/en\/wp-json\/wp\/v2\/tags?post=5657"}],"curies":[{"name":"wp","href":"https:\/\/api.w.org\/{rel}","templated":true}]}}