{"id":5198,"date":"2021-02-20T08:30:27","date_gmt":"2021-02-20T06:30:27","guid":{"rendered":"https:\/\/www.wemovenow.com\/?p=5198"},"modified":"2022-07-23T15:15:25","modified_gmt":"2022-07-23T13:15:25","slug":"die-aktuellen-fallzahlen","status":"publish","type":"post","link":"https:\/\/www.wemovenow.com\/en\/uncategorized\/die-aktuellen-fallzahlen\/","title":{"rendered":"Die aktuellen Fallzahlen"},"content":{"rendered":"<div data-elementor-type=\"wp-post\" data-elementor-id=\"5198\" class=\"elementor elementor-5198\">\n\t\t\t\t\t\t<section class=\"has_eae_slider elementor-section elementor-top-section elementor-element elementor-element-60b950e2 elementor-section-boxed elementor-section-height-default elementor-section-height-default\" data-id=\"60b950e2\" data-element_type=\"section\">\n\t\t\t\t\t\t<div class=\"elementor-container elementor-column-gap-default\">\n\t\t\t\t\t<div class=\"has_eae_slider elementor-column elementor-col-100 elementor-top-column elementor-element elementor-element-4effff65\" data-id=\"4effff65\" data-element_type=\"column\">\n\t\t\t<div class=\"elementor-widget-wrap elementor-element-populated\">\n\t\t\t\t\t\t<section class=\"has_eae_slider elementor-section elementor-inner-section elementor-element elementor-element-e52c9a0 elementor-section-boxed elementor-section-height-default elementor-section-height-default\" data-id=\"e52c9a0\" data-element_type=\"section\">\n\t\t\t\t\t\t<div class=\"elementor-container elementor-column-gap-default\">\n\t\t\t\t\t<div class=\"has_eae_slider elementor-column elementor-col-100 elementor-inner-column elementor-element elementor-element-3d8c125\" data-id=\"3d8c125\" data-element_type=\"column\">\n\t\t\t<div class=\"elementor-widget-wrap elementor-element-populated\">\n\t\t\t\t\t\t<div class=\"elementor-element elementor-element-bdc1537 elementor-widget elementor-widget-text-editor\" data-id=\"bdc1537\" data-element_type=\"widget\" data-widget_type=\"text-editor.default\">\n\t\t\t\t<div class=\"elementor-widget-container\">\n\t\t\t\t\t\t\t\t\t<div data-contents=\"true\">\n<div class=\"\" data-block=\"true\" data-editor=\"3982g\" data-offset-key=\"f1t7c-0-0\">\n<div class=\"_1mf _1mj\" data-offset-key=\"f1t7c-0-0\">\n<h1 class=\"overview-title\" data-v-3f9191f7=\"\">Neu gemeldete F\u00e4lle f\u00fcr \u00d6sterreich<span data-v-3f9191f7=\"\">, Stand 20.2.<\/span><\/h1>\n<div class=\"overview-total-diff\" data-v-3f9191f7=\"\">\n<ul class=\"total-diff-list\" data-v-3f9191f7=\"\">\n<li data-v-3f9191f7=\"\"><span class=\"diff-number confirmed\" data-v-3f9191f7=\"\">+1.123.230 <\/span><span class=\"diff-label\" data-v-3f9191f7=\"\">Laborbest\u00e4tigte F\u00e4lle mit erh\u00f6htem CO2-Aussto\u00df<br><\/span><\/li>\n<li data-v-3f9191f7=\"\"><span class=\"diff-number deaths\" data-v-3f9191f7=\"\">+443 <\/span><span class=\"diff-label\" data-v-3f9191f7=\"\">Verstorbene<\/span><\/li>\n<li data-v-3f9191f7=\"\"><span class=\"diff-number recovered\" data-v-3f9191f7=\"\">+240 <\/span><span class=\"diff-label\" data-v-3f9191f7=\"\">Genesene<\/span><\/li>\n<\/ul>\n<p class=\"epi-diff-link\" data-v-3f9191f7=\"\">Die gemeldeten F\u00e4lle werden nach Diagnosedatum auf einzelne Epidemietage verteilt.<\/p>\n<\/div>\n<h2 class=\"comparison-info\" data-v-3f9191f7=\"\">Tagesvergleich und Stand 7.2. \/ 8.2.<\/h2>\n<div class=\"overview-item\" data-v-3f9191f7=\"\">\n<div class=\"sparkline-wrapper\" data-v-3f9191f7=\"\">&nbsp;<\/div>\n<\/div>\n<div class=\"overview-item\" data-v-3f9191f7=\"\">\n<div class=\"sparkline-wrapper\" data-v-3f9191f7=\"\">\n<div class=\"number\" data-v-3f9191f7=\"\">6 abgebrannte PKW&#8217;s<\/div>\n<div class=\"text\" data-v-3f9191f7=\"\">+2 zum Vortag<\/div>\n<\/div>\n<div class=\"change-indicator change-font-size-normal hidden\" data-v-3f9191f7=\"\">&nbsp;<\/div>\n<\/div>\n<div class=\"overview-item\" data-v-3f9191f7=\"\">\n<div class=\"sparkline-wrapper\" data-v-3f9191f7=\"\">\n<div class=\"number\" data-v-3f9191f7=\"\">2 abgebrannte Leichtfahrzeuge<\/div>\n<div class=\"text\" data-v-3f9191f7=\"\">+1 zum Vortag<\/div>\n<\/div>\n<div class=\"change-indicator change-font-size-normal hidden\" data-v-3f9191f7=\"\">&nbsp;<\/div>\n<\/div>\n<div class=\"overview-item\" data-v-3f9191f7=\"\">\n<div class=\"sparkline-wrapper\" data-v-3f9191f7=\"\">\n<div class=\"number\" data-v-3f9191f7=\"\">456.397<\/div>\n<div class=\"text\" data-v-3f9191f7=\"\">Aktive abgebrannte Fahrzeuge seit Beginn der Pkwandemie<\/div>\n<div data-v-3f9191f7=\"\">&nbsp;<\/div>\n<\/div>\n<div data-v-3f9191f7=\"\">davon E-Fahrzeuge<\/div>\n<div data-v-3f9191f7=\"\">2<\/div>\n<div class=\"change-indicator change-font-size-normal hidden\" data-v-3f9191f7=\"\">&nbsp;<\/div>\n<\/div>\n<div class=\"overview-item\" data-v-3f9191f7=\"\">\n<div class=\"sparkline-wrapper\" data-v-3f9191f7=\"\">\n<div class=\"number\" data-v-3f9191f7=\"\">456.397 Totalsch\u00e4den<\/div><\/div>\n<\/div>\n\n<div class=\"overview-item\" data-v-3f9191f7=\"\">0<br>repariert<\/div>\n<div class=\"overview-item\" data-v-3f9191f7=\"\">\n<div class=\"sparkline-wrapper\" data-v-3f9191f7=\"\">&nbsp;<\/div>\n<\/div>\n<div class=\"overview-item\" data-v-3f9191f7=\"\">\n<div class=\"sparkline-wrapper\" data-v-3f9191f7=\"\">\n<div class=\"text\" data-v-3f9191f7=\"\">10.442.158 durchgef\u00fchrte Testungen<\/div>\n<\/div>\n<div class=\"change-indicator change-font-size-normal\" data-v-3f9191f7=\"\"><span class=\"change-number\">+128.988<\/span><\/div>\n<\/div>\n<div class=\"overview-item\" data-v-3f9191f7=\"\">\n<div class=\"sparkline-wrapper\" data-v-3f9191f7=\"\">&nbsp;<\/div>\n<\/div>\n<div class=\"overview-item\" data-v-3f9191f7=\"\">\n<div class=\"sparkline-wrapper\" data-v-3f9191f7=\"\">\n<div class=\"text\" data-v-3f9191f7=\"\">17.984 Verstorbene<\/div>\n<\/div>\n<div class=\"change-indicator change-font-size-normal hidden\" data-v-3f9191f7=\"\">&nbsp;<\/div>\n<\/div>\n<div class=\"overview-item\" data-v-3f9191f7=\"\">\n<div class=\"sparkline-wrapper\" data-v-3f9191f7=\"\">\n<div class=\"text\" data-v-3f9191f7=\"\">394.191 Genesene<\/div>\n<\/div>\n<div class=\"change-indicator change-font-size-normal hidden\" data-v-3f9191f7=\"\">&nbsp;<\/div>\n<\/div>\n<div class=\"overview-caption\" data-v-3f9191f7=\"\">\n<p>Die Trendlinie zeigt die letzten 14 Tage.<\/p>\n<p>Die 7-Tage-Inzidenz bildet abgebrannte Pkw&#8217;s pro 100.000 Einwohner der letzten sieben Tage ab.<\/p>\n<p>Aktuelles Aktualisierungsschema und Vergleichswerte.<\/p>\n<p>Quelle: AUGES\/EWS. Datenstand: 09.02., 14.02 Uhr<\/p>\n<\/div>\n<\/div>\n<div class=\"_1mf _1mj\" data-offset-key=\"f1t7c-0-0\"><span data-offset-key=\"f1o06-0-0\"><span data-text=\"true\"><br><\/span><\/span><\/div>\n<div class=\"_1mf _1mj\" data-offset-key=\"f1t7c-0-0\"><span data-offset-key=\"f1o06-0-0\"><span data-text=\"true\">Nat\u00fcrlich haben die Medien nicht das Bestreben, \u00fcber jeden einzelnen Brand zu schreiben, weil sie sonst t\u00e4glich \u00fcber 5 &#8211; 6 Br\u00e4nde in \u00d6sterreich berichten m\u00fcssten. Dies w\u00e4re auf Dauer entweder langweilig oder es w\u00fcrden vermutlich \u00e4hnliche Effekte entstehen wie eine Sch\u00fcrung von Panik und Angst in der Bev\u00f6lkerung, hervorgerufen durch die t\u00e4gliche Fallzahlen-Statistik. W\u00fcrde t\u00e4glich in den Tageszeitungen und \u00f6ffentlichen Medien berichtet, und Statistik gef\u00fchrt, wie viele Autos wieder gebrannt haben und wieviele Menschen verletzt und gestorben sind, k\u00f6nnte das durchaus mehr Zur\u00fcckhaltung beim Autofahren und schlussendlich auch Autokauf ausl\u00f6sen.<br><\/span><\/span><\/div><div class=\"_1mf _1mj\" data-offset-key=\"f1t7c-0-0\"><span data-offset-key=\"f1o06-0-0\"><span data-text=\"true\"><br><\/span><\/span><\/div>\n<\/div>\n<div class=\"\" data-block=\"true\" data-editor=\"3982g\" data-offset-key=\"4ld4f-0-0\">\n<div class=\"_1mf _1mj\" data-offset-key=\"4ld4f-0-0\"><span data-offset-key=\"4ld4f-0-0\"><span data-text=\"true\">Leider war das bei der Atomkraft so. Und wie vermutlich alle wissen, haben wir in \u00d6sterreich kein einziges Atomkraftwerk in Betrieb und es sind auch keine geplant. Die Gefahrenanalogie zu Elektroautos ist deshalb nicht richtig und sehr kluge und engagierte Menschen haben sich seit langem sehr viele Gedanken gemacht in Punkto Sicherheit und Nachhaltigkeit. Die Fahrzeugzulassung in Europa ist global betrachtet eine der striktesten und as Knowhow \u00fcber emissionsfreie Mobilit\u00e4t, das die letzten Jahre und Jahrzehnte erarbeitet wurde, kommt der stetigen Effizienzsteigerung sehr zur Gute. Aus diesem Grund wurde bei Elektroautos mit Batteriespeichern bereits schon lange \u00fcber die Nutzung und die <a href=\"https:\/\/www.ffe.de\/download\/article\/620\/StudieSecondLifeKonzepte.pdf\" target=\"_blank\" rel=\"noopener\">Second-Life-Nutzung<\/a> nachgedacht. Der Lebenszyklus eines Akkus liegt ca. bei 10 Jahren im Fahrzeug, danach dient er weitere 15 Jahre in einem station\u00e4ren Speicher und nach dieser Einsatzzeit von rund 25 Jahren wird er dann dem Recycling zugef\u00fchrt, das dann bei ca. 100% Recyclingquote liegt. Zusammenfassend zum Thema Elektromobilit\u00e4t vs. Verbrennungstechnologie sei erw\u00e4hnt, dass beim Verbrennen eines Liter \u00d6ls, der \u00fcber Millionen von Jahren entstanden ist, dieser Rohstoff f\u00fcr uns durch den Umwandlungsprozess f\u00fcr immer weg ist, das Fahren mit Strom aus erneuerbaren Energien allerdings ein Kreislauf darstellt, bei dem die Rohstoffe nicht verbrauch werden, sondern beinahe unendlich wieder verwendet werden k\u00f6nnen. Aus diesem und noch vielen weiteren Gr\u00fcnden: LET&#8217;s move G-ELECTRIC. \ud83d\ude42<\/span><\/span><\/div>\n<\/div>\n<\/div>\t\t\t\t\t\t\t\t<\/div>\n\t\t\t\t<\/div>\n\t\t\t\t\t<\/div>\n\t\t<\/div>\n\t\t\t\t\t<\/div>\n\t\t<\/section>\n\t\t\t\t\t<\/div>\n\t\t<\/div>\n\t\t\t\t\t<\/div>\n\t\t<\/section>\n\t\t\t\t<\/div>","protected":false},"excerpt":{"rendered":"<p>Neu gemeldete F\u00e4lle f\u00fcr \u00d6sterreich, Stand 20.2. +1.123.230 Laborbest\u00e4tigte F\u00e4lle mit erh\u00f6htem CO2-Aussto\u00df +443 Verstorbene +240 Genesene Die gemeldeten F\u00e4lle werden nach Diagnosedatum auf einzelne Epidemietage verteilt. Tagesvergleich und Stand 7.2. \/ 8.2. &nbsp; 6 abgebrannte PKW&#8217;s +2 zum Vortag &nbsp; 2 abgebrannte Leichtfahrzeuge +1 zum Vortag &nbsp; 456.397 Aktive abgebrannte Fahrzeuge seit Beginn der [&hellip;]<\/p>","protected":false},"author":1,"featured_media":5201,"comment_status":"open","ping_status":"open","sticky":false,"template":"","format":"standard","meta":{"footnotes":""},"categories":[45,47,1],"tags":[],"class_list":["post-5198","post","type-post","status-publish","format-standard","has-post-thumbnail","hentry","category-greenmobility","category-greennutrition","category-uncategorized","entry","has-media","owp-thumbs-layout-horizontal","owp-btn-normal","owp-tabs-layout-horizontal","has-no-thumbnails","has-product-nav"],"_links":{"self":[{"href":"https:\/\/www.wemovenow.com\/en\/wp-json\/wp\/v2\/posts\/5198","targetHints":{"allow":["GET"]}}],"collection":[{"href":"https:\/\/www.wemovenow.com\/en\/wp-json\/wp\/v2\/posts"}],"about":[{"href":"https:\/\/www.wemovenow.com\/en\/wp-json\/wp\/v2\/types\/post"}],"author":[{"embeddable":true,"href":"https:\/\/www.wemovenow.com\/en\/wp-json\/wp\/v2\/users\/1"}],"replies":[{"embeddable":true,"href":"https:\/\/www.wemovenow.com\/en\/wp-json\/wp\/v2\/comments?post=5198"}],"version-history":[{"count":12,"href":"https:\/\/www.wemovenow.com\/en\/wp-json\/wp\/v2\/posts\/5198\/revisions"}],"predecessor-version":[{"id":6304,"href":"https:\/\/www.wemovenow.com\/en\/wp-json\/wp\/v2\/posts\/5198\/revisions\/6304"}],"wp:featuredmedia":[{"embeddable":true,"href":"https:\/\/www.wemovenow.com\/en\/wp-json\/wp\/v2\/media\/5201"}],"wp:attachment":[{"href":"https:\/\/www.wemovenow.com\/en\/wp-json\/wp\/v2\/media?parent=5198"}],"wp:term":[{"taxonomy":"category","embeddable":true,"href":"https:\/\/www.wemovenow.com\/en\/wp-json\/wp\/v2\/categories?post=5198"},{"taxonomy":"post_tag","embeddable":true,"href":"https:\/\/www.wemovenow.com\/en\/wp-json\/wp\/v2\/tags?post=5198"}],"curies":[{"name":"wp","href":"https:\/\/api.w.org\/{rel}","templated":true}]}}