{"id":5192,"date":"2021-02-15T10:16:00","date_gmt":"2021-02-15T08:16:00","guid":{"rendered":"https:\/\/www.wemovenow.com\/?p=5192"},"modified":"2022-07-23T15:18:34","modified_gmt":"2022-07-23T13:18:34","slug":"die-grosse-energierechnung","status":"publish","type":"post","link":"https:\/\/www.wemovenow.com\/en\/uncategorized\/die-grosse-energierechnung\/","title":{"rendered":"Die gro\u00dfe Energierechnung"},"content":{"rendered":"<div data-elementor-type=\"wp-post\" data-elementor-id=\"5192\" class=\"elementor elementor-5192\">\n\t\t\t\t\t\t<section class=\"has_eae_slider elementor-section elementor-top-section elementor-element elementor-element-60b950e2 elementor-section-boxed elementor-section-height-default elementor-section-height-default\" data-id=\"60b950e2\" data-element_type=\"section\">\n\t\t\t\t\t\t<div class=\"elementor-container elementor-column-gap-default\">\n\t\t\t\t\t<div class=\"has_eae_slider elementor-column elementor-col-100 elementor-top-column elementor-element elementor-element-4effff65\" data-id=\"4effff65\" data-element_type=\"column\">\n\t\t\t<div class=\"elementor-widget-wrap elementor-element-populated\">\n\t\t\t\t\t\t<section class=\"has_eae_slider elementor-section elementor-inner-section elementor-element elementor-element-e52c9a0 elementor-section-boxed elementor-section-height-default elementor-section-height-default\" data-id=\"e52c9a0\" data-element_type=\"section\">\n\t\t\t\t\t\t<div class=\"elementor-container elementor-column-gap-default\">\n\t\t\t\t\t<div class=\"has_eae_slider elementor-column elementor-col-100 elementor-inner-column elementor-element elementor-element-3d8c125\" data-id=\"3d8c125\" data-element_type=\"column\">\n\t\t\t<div class=\"elementor-widget-wrap elementor-element-populated\">\n\t\t\t\t\t\t<div class=\"elementor-element elementor-element-bdc1537 elementor-widget elementor-widget-text-editor\" data-id=\"bdc1537\" data-element_type=\"widget\" data-widget_type=\"text-editor.default\">\n\t\t\t\t<div class=\"elementor-widget-container\">\n\t\t\t\t\t\t\t\t\t<div data-contents=\"true\"><div class=\"\" data-block=\"true\" data-editor=\"3982g\" data-offset-key=\"f1t7c-0-0\"><div class=\"_1mf _1mj\" data-offset-key=\"f1t7c-0-0\"><strong><span class=\"_247o\" spellcheck=\"false\" data-offset-key=\"f1t7c-0-0\">W<\/span><\/strong><span data-offset-key=\"f1t7c-1-0\"><span data-text=\"true\"><strong>oher soll der ganze Strom kommen?<\/strong> Die ist relative einfach beantwortet, wenn man den zus\u00e4tzlichen Strombedarf kennt. Auf die Daten von 2019 bezogen liegt der Stromverbrauch in \u00d6sterreich bei <a href=\"https:\/\/de.statista.com\/statistik\/daten\/studie\/325788\/umfrage\/stromverbrauch-in-oesterreich\/\" target=\"_blank\" rel=\"noopener\">71,8 TWh<\/a>. Selbst wenn heute am 10.02.2021 alle <a href=\"http:\/\/www.statistik.at\/web_de\/statistiken\/energie_umwelt_innovation_mobilitaet\/verkehr\/strasse\/kraftfahrzeuge_-_bestand\/index.html\" target=\"_blank\" rel=\"noopener\">7 Millionen angemeldeten Kfz<\/a> mit ihren durchschnittlich 50 km pro Tag Fahrtstrecke schlagartig ausgetauscht werden, w\u00fcrde das lediglich einen Mehrverbrauch von 49 Mio kWh, umgerechnet 0,049 TWh verursachen. Das w\u00e4re ein zus\u00e4tzlicher Stromverbrauch von 0,068 % (!!!). Allein durch PV (Photovoltaik), also Energieerzeugung durch Sonnenstrom, werden bereits <a href=\"https:\/\/pvaustria.at\/daten-fakten\/\" target=\"_blank\" rel=\"noopener\">1,7 TWh<\/a> emissionsfrei erzeugt. Das hei\u00dft, wir k\u00f6nnten bereits jetzt knapp 35 x so viele Fahrzeuge rein mit Solarstrom betreiben, wobei die Solarenergie bei weitem nicht ausgebaut ist, sondern j\u00e4hrlich einen <a href=\"https:\/\/pvaustria.at\/daten-fakten\/\" target=\"_blank\" rel=\"noopener\">konstanten Zuwachs<\/a> von 10 &#8211; 20 % erlebt. Akutell wird in \u00d6sterreich mehr als <a href=\"https:\/\/de.statista.com\/infografik\/24030\/anteil-verschiedener-energiequellen-an-der-stromproduktion-in-europa\/\" target=\"_blank\" rel=\"noopener\">80% der Energie<\/a> erneuerbar produziert.<\/span><\/span><\/div><\/div><div class=\"\" data-block=\"true\" data-editor=\"3982g\" data-offset-key=\"f1o06-0-0\"><div class=\"_1mf _1mj\" data-offset-key=\"f1o06-0-0\"><span data-offset-key=\"f1o06-0-0\"><span data-text=\"true\"><strong>Wo ist die Sicherheit?<\/strong> Unf\u00e4lle mit Elektrofahrzeugen sind verschwindend gering sind im Gegensatz zu den rund 2.000 Verbrennerfahrzeugen und auch viel glimpflicher ausgehen, weil die Sicherheitsstandards viel h\u00f6her sind. <a href=\"https:\/\/www.meinbezirk.at\/lungau\/c-lokales\/fahrzeugbrand-im-katschbergtunnel_a4172574\" target=\"_blank\" rel=\"noopener\">Hier<\/a> ein paar <a href=\"https:\/\/www.oe24.at\/oesterreich\/chronik\/niederoesterreich\/spektakulaerer-fahrzeugbrand-auf-der-a2\/440162349\" target=\"_blank\" rel=\"noopener\">Berichte<\/a> \u00fcber <a href=\"https:\/\/www.meinbezirk.at\/imst\/c-lokales\/pkw-ging-in-flammen-auf_a4428279\" target=\"_blank\" rel=\"noopener\">Autobr\u00e4nde<\/a>. Nat\u00fcrlich haben die Medien nicht das Bestreben, \u00fcber jeden einzelnen Brand zu schreiben, weil sie sonst t\u00e4glich \u00fcber 5 &#8211; 6 Br\u00e4nde in \u00d6sterreich berichten m\u00fcssten. Dies w\u00e4re auf Dauer entweder langweilig oder es w\u00fcrden vermutlich \u00e4hnliche Effekte entstehen wie eine Sch\u00fcrung von Panik und Angst in der Bev\u00f6lkerung, hervorgerufen durch die t\u00e4gliche Fallzahlen-Statistik. W\u00fcrde t\u00e4glich in den Tageszeitungen und \u00f6ffentlichen Medien berichtet, und Statistik gef\u00fchrt, wie viele Autos wieder gebrannt haben und wieviele Menschen verletzt und gestorben sind, k\u00f6nnte das durchaus mehr Zur\u00fcckhaltung beim Autofahren und schlussendlich auch Autokauf ausl\u00f6sen.<br \/><\/span><\/span><\/div><div data-offset-key=\"f1o06-0-0\">\u00a0<\/div><\/div><div class=\"\" data-block=\"true\" data-editor=\"3982g\" data-offset-key=\"4ld4f-0-0\"><div class=\"_1mf _1mj\" data-offset-key=\"4ld4f-0-0\"><span data-offset-key=\"4ld4f-0-0\"><span data-text=\"true\">Leider war das bei der Atomkraft so. Und wie vermutlich alle wissen, haben wir in \u00d6sterreich kein einziges Atomkraftwerk in Betrieb und es sind auch keine geplant. Die Gefahrenanalogie zu Elektroautos ist deshalb nicht richtig und sehr kluge und engagierte Menschen haben sich seit langem sehr viele Gedanken gemacht in Punkto Sicherheit und Nachhaltigkeit. Die Fahrzeugzulassung in Europa ist global betrachtet eine der striktesten und as Knowhow \u00fcber emissionsfreie Mobilit\u00e4t, das die letzten Jahre und Jahrzehnte erarbeitet wurde, kommt der stetigen Effizienzsteigerung sehr zur Gute. Aus diesem Grund wurde bei Elektroautos mit Batteriespeichern bereits schon lange \u00fcber die Nutzung und die <a href=\"https:\/\/www.ffe.de\/download\/article\/620\/StudieSecondLifeKonzepte.pdf\" target=\"_blank\" rel=\"noopener\">Second-Life-Nutzung<\/a> nachgedacht. Der Lebenszyklus eines Akkus liegt ca. bei 10 Jahren im Fahrzeug, danach dient er weitere 15 Jahre in einem station\u00e4ren Speicher und nach dieser Einsatzzeit von rund 25 Jahren wird er dann dem Recycling zugef\u00fchrt, das dann bei ca. 100% Recyclingquote liegt. Zusammenfassend zum Thema Elektromobilit\u00e4t vs. Verbrennungstechnologie sei erw\u00e4hnt, dass beim Verbrennen eines Liter \u00d6ls, der \u00fcber Millionen von Jahren entstanden ist, dieser Rohstoff f\u00fcr uns durch den Umwandlungsprozess f\u00fcr immer weg ist, das Fahren mit Strom aus erneuerbaren Energien allerdings ein Kreislauf darstellt, bei dem die Rohstoffe nicht verbrauch werden, sondern beinahe unendlich wieder verwendet werden k\u00f6nnen. Aus diesem und noch vielen weiteren Gr\u00fcnden: LET&#8217;s move G-ELECTRIC. \ud83d\ude42<\/span><\/span><\/div><\/div><\/div>\t\t\t\t\t\t\t\t<\/div>\n\t\t\t\t<\/div>\n\t\t\t\t\t<\/div>\n\t\t<\/div>\n\t\t\t\t\t<\/div>\n\t\t<\/section>\n\t\t\t\t\t<\/div>\n\t\t<\/div>\n\t\t\t\t\t<\/div>\n\t\t<\/section>\n\t\t\t\t<\/div>","protected":false},"excerpt":{"rendered":"<p>Woher soll der ganze Strom kommen? Die ist relative einfach beantwortet, wenn man den zus\u00e4tzlichen Strombedarf kennt. Auf die Daten von 2019 bezogen liegt der Stromverbrauch in \u00d6sterreich bei 71,8 TWh. Selbst wenn heute am 10.02.2021 alle 7 Millionen angemeldeten Kfz mit ihren durchschnittlich 50 km pro Tag Fahrtstrecke schlagartig ausgetauscht werden, w\u00fcrde das lediglich [&hellip;]<\/p>","protected":false},"author":1,"featured_media":1508,"comment_status":"open","ping_status":"open","sticky":false,"template":"","format":"standard","meta":{"footnotes":""},"categories":[46,45,1],"tags":[],"class_list":["post-5192","post","type-post","status-publish","format-standard","has-post-thumbnail","hentry","category-greeneconomy","category-greenmobility","category-uncategorized","entry","has-media","owp-thumbs-layout-horizontal","owp-btn-normal","owp-tabs-layout-horizontal","has-no-thumbnails","has-product-nav"],"_links":{"self":[{"href":"https:\/\/www.wemovenow.com\/en\/wp-json\/wp\/v2\/posts\/5192","targetHints":{"allow":["GET"]}}],"collection":[{"href":"https:\/\/www.wemovenow.com\/en\/wp-json\/wp\/v2\/posts"}],"about":[{"href":"https:\/\/www.wemovenow.com\/en\/wp-json\/wp\/v2\/types\/post"}],"author":[{"embeddable":true,"href":"https:\/\/www.wemovenow.com\/en\/wp-json\/wp\/v2\/users\/1"}],"replies":[{"embeddable":true,"href":"https:\/\/www.wemovenow.com\/en\/wp-json\/wp\/v2\/comments?post=5192"}],"version-history":[{"count":9,"href":"https:\/\/www.wemovenow.com\/en\/wp-json\/wp\/v2\/posts\/5192\/revisions"}],"predecessor-version":[{"id":6309,"href":"https:\/\/www.wemovenow.com\/en\/wp-json\/wp\/v2\/posts\/5192\/revisions\/6309"}],"wp:featuredmedia":[{"embeddable":true,"href":"https:\/\/www.wemovenow.com\/en\/wp-json\/wp\/v2\/media\/1508"}],"wp:attachment":[{"href":"https:\/\/www.wemovenow.com\/en\/wp-json\/wp\/v2\/media?parent=5192"}],"wp:term":[{"taxonomy":"category","embeddable":true,"href":"https:\/\/www.wemovenow.com\/en\/wp-json\/wp\/v2\/categories?post=5192"},{"taxonomy":"post_tag","embeddable":true,"href":"https:\/\/www.wemovenow.com\/en\/wp-json\/wp\/v2\/tags?post=5192"}],"curies":[{"name":"wp","href":"https:\/\/api.w.org\/{rel}","templated":true}]}}