{"id":5124,"date":"2021-01-27T15:52:55","date_gmt":"2021-01-27T13:52:55","guid":{"rendered":"https:\/\/www.wemovenow.com\/?p=5124"},"modified":"2021-03-09T00:46:29","modified_gmt":"2021-03-08T22:46:29","slug":"die-erneuerbaren-auf-dem-vormarsch","status":"publish","type":"post","link":"https:\/\/www.wemovenow.com\/en\/uncategorized\/die-erneuerbaren-auf-dem-vormarsch\/","title":{"rendered":"Die Erneuerbaren auf dem Vormarsch"},"content":{"rendered":"<div data-elementor-type=\"wp-post\" data-elementor-id=\"5124\" class=\"elementor elementor-5124\">\n\t\t\t\t\t\t<section class=\"has_eae_slider elementor-section elementor-top-section elementor-element elementor-element-60b950e2 elementor-section-boxed elementor-section-height-default elementor-section-height-default\" data-id=\"60b950e2\" data-element_type=\"section\">\n\t\t\t\t\t\t<div class=\"elementor-container elementor-column-gap-default\">\n\t\t\t\t\t<div class=\"has_eae_slider elementor-column elementor-col-100 elementor-top-column elementor-element elementor-element-4effff65\" data-id=\"4effff65\" data-element_type=\"column\">\n\t\t\t<div class=\"elementor-widget-wrap elementor-element-populated\">\n\t\t\t\t\t\t<section class=\"has_eae_slider elementor-section elementor-inner-section elementor-element elementor-element-e52c9a0 elementor-section-boxed elementor-section-height-default elementor-section-height-default\" data-id=\"e52c9a0\" data-element_type=\"section\">\n\t\t\t\t\t\t<div class=\"elementor-container elementor-column-gap-default\">\n\t\t\t\t\t<div class=\"has_eae_slider elementor-column elementor-col-50 elementor-inner-column elementor-element elementor-element-38b3cfb\" data-id=\"38b3cfb\" data-element_type=\"column\">\n\t\t\t<div class=\"elementor-widget-wrap elementor-element-populated\">\n\t\t\t\t\t\t<div class=\"elementor-element elementor-element-be89305 elementor-widget elementor-widget-image\" data-id=\"be89305\" data-element_type=\"widget\" data-widget_type=\"image.default\">\n\t\t\t\t<div class=\"elementor-widget-container\">\n\t\t\t\t\t\t\t\t\t\t\t\t\t\t\t\t<a href=\"https:\/\/edison.handelsblatt.com\/e-hub\/so-viel-strom-brauchen-autos-mit-verbrennungsmotor\/20826274.html\" target=\"_blank\">\n\t\t\t\t\t\t\t<img fetchpriority=\"high\" decoding=\"async\" width=\"1024\" height=\"698\" src=\"https:\/\/www.wemovenow.com\/wp-content\/uploads\/2019\/07\/PV-paneel-wemovenow-elektroauto-elektro-moped-1024x698.jpg\" class=\"attachment-large size-large wp-image-2374\" alt=\"\" srcset=\"https:\/\/www.wemovenow.com\/wp-content\/uploads\/2019\/07\/PV-paneel-wemovenow-elektroauto-elektro-moped-1024x698.jpg 1024w, https:\/\/www.wemovenow.com\/wp-content\/uploads\/2019\/07\/PV-paneel-wemovenow-elektroauto-elektro-moped-600x409.jpg 600w, https:\/\/www.wemovenow.com\/wp-content\/uploads\/2019\/07\/PV-paneel-wemovenow-elektroauto-elektro-moped-300x205.jpg 300w, https:\/\/www.wemovenow.com\/wp-content\/uploads\/2019\/07\/PV-paneel-wemovenow-elektroauto-elektro-moped-768x524.jpg 768w\" sizes=\"(max-width: 1024px) 100vw, 1024px\" \/>\t\t\t\t\t\t\t\t<\/a>\n\t\t\t\t\t\t\t\t\t\t\t\t\t\t\t<\/div>\n\t\t\t\t<\/div>\n\t\t\t\t\t<\/div>\n\t\t<\/div>\n\t\t\t\t<div class=\"has_eae_slider elementor-column elementor-col-50 elementor-inner-column elementor-element elementor-element-3d8c125\" data-id=\"3d8c125\" data-element_type=\"column\">\n\t\t\t<div class=\"elementor-widget-wrap elementor-element-populated\">\n\t\t\t\t\t\t<div class=\"elementor-element elementor-element-bdc1537 elementor-widget elementor-widget-text-editor\" data-id=\"bdc1537\" data-element_type=\"widget\" data-widget_type=\"text-editor.default\">\n\t\t\t\t<div class=\"elementor-widget-container\">\n\t\t\t\t\t\t\t\t\t<div>Das neue Jahr startet mit extrem guten Nachrichten. R\u00fcckblickend auf 2020 liegen nun die Zahlen vor und erstmals in der Geschichte Europas ist der Anteil an erneuerbarer Energie in Europa auf Platz 1. Das ist ein Zuwachs von 51 TWh nur durch Solarenergie und Windkraft.<\/div><div>\u00a0<\/div><div>38% der Gesamtenergie wurden durch Wasserkraft, Wind, Biomasse und Sonne erzeugt, und haben damit Kohle, Gas und \u00d6l mit 37% endlich \u00fcberholt. Hoffentlich \u00f6ffnet das vielen die Augen, die immer noch im Glauben schweben, dass eine 100% Energieversorgung aus erneuerbaren noch nicht in deren Weltbild passt. Technisch ist es m\u00f6glich, wirtschaftlich ist es m\u00f6glich. Jetzt geht es nur darum, den Willen und die Bem\u00fchungen zu st\u00e4rken und zu b\u00fcndeln. Hier auch der Link zum Bericht im <a href=\"https:\/\/www.derstandard.at\/story\/2000123541583\/erneuerbare-energien-haben-in-eu-erstmals-kohle-und-gas-abgehaengt\" target=\"_blank\" rel=\"noopener\">Standard<\/a>.<\/div><div>\u00a0<\/div><div>Bis 2030 soll ja in \u00d6sterreich ja 100% der Energie erneuerbar erzeugen. Wie sch\u00f6n ist doch eine Zukunft die komplett ohne Verbrennung von \u00d6l und Gas auskommt.<\/div><div>Zusammen k\u00f6nnen wir noch viel erreichen. F\u00fcr alle, die nur darauf warten, mit alltagstauglichen Produkten emissionsfrei unterwegs zu sein, sei es mit <a href=\"https:\/\/www.wemovenow.com\/en\/e-bike-modelle\/\">E-Bike<\/a>-Modellen aus der aktuellen Saison oder mit verg\u00fcnstigsten aus den Vorjahren. Vom <a href=\"https:\/\/www.wemovenow.com\/en\/e-smart\/\">E-Smart<\/a> \u00fcber VW und BMW bis zu Tesla. Wir haben mit unserem Expertenteam verschiedenste <a href=\"https:\/\/www.wemovenow.com\/en\/elektrofahrzeuge\/\">Marken<\/a> \u00fcber Jahre hinweg gefahren und wissen, f\u00fcr welchen Zweck und welchen Geschmack welches Auto in Frage kommt. Neben Elektroautos haben wir auch die Top-Produkte an elektrischen Zweir\u00e4dern wie Mopeds, Motorr\u00e4der oder im Programm und k\u00f6nnen markenunabh\u00e4ngig ausw\u00e4hlen.<\/div><div>\u00a0<\/div><div>Lasst uns zusammen den Gesamtanteil des Gesamtfahrzeugbestands 2021 in die H\u00f6he treiben. Jedes Fahrzeug, das elektrisch f\u00e4hrt, f\u00e4hrt emissionsfrei und ist f\u00fcr unsere Umgebung ein Segen.<\/div>\t\t\t\t\t\t\t\t<\/div>\n\t\t\t\t<\/div>\n\t\t\t\t\t<\/div>\n\t\t<\/div>\n\t\t\t\t\t<\/div>\n\t\t<\/section>\n\t\t\t\t\t<\/div>\n\t\t<\/div>\n\t\t\t\t\t<\/div>\n\t\t<\/section>\n\t\t\t\t<\/div>","protected":false},"excerpt":{"rendered":"<p>Das neue Jahr startet mit extrem guten Nachrichten. R\u00fcckblickend auf 2020 liegen nun die Zahlen vor und erstmals in der Geschichte Europas ist der Anteil an erneuerbarer Energie in Europa auf Platz 1. Das ist ein Zuwachs von 51 TWh nur durch Solarenergie und Windkraft.&nbsp;38% der Gesamtenergie wurden durch Wasserkraft, Wind, Biomasse und Sonne erzeugt, [&hellip;]<\/p>","protected":false},"author":1,"featured_media":0,"comment_status":"open","ping_status":"open","sticky":false,"template":"","format":"standard","meta":{"footnotes":""},"categories":[48,46,45,1],"tags":[],"class_list":["post-5124","post","type-post","status-publish","format-standard","hentry","category-greenconstruction","category-greeneconomy","category-greenmobility","category-uncategorized","entry","owp-thumbs-layout-horizontal","owp-btn-normal","owp-tabs-layout-horizontal","has-no-thumbnails","has-product-nav"],"_links":{"self":[{"href":"https:\/\/www.wemovenow.com\/en\/wp-json\/wp\/v2\/posts\/5124","targetHints":{"allow":["GET"]}}],"collection":[{"href":"https:\/\/www.wemovenow.com\/en\/wp-json\/wp\/v2\/posts"}],"about":[{"href":"https:\/\/www.wemovenow.com\/en\/wp-json\/wp\/v2\/types\/post"}],"author":[{"embeddable":true,"href":"https:\/\/www.wemovenow.com\/en\/wp-json\/wp\/v2\/users\/1"}],"replies":[{"embeddable":true,"href":"https:\/\/www.wemovenow.com\/en\/wp-json\/wp\/v2\/comments?post=5124"}],"version-history":[{"count":8,"href":"https:\/\/www.wemovenow.com\/en\/wp-json\/wp\/v2\/posts\/5124\/revisions"}],"predecessor-version":[{"id":5132,"href":"https:\/\/www.wemovenow.com\/en\/wp-json\/wp\/v2\/posts\/5124\/revisions\/5132"}],"wp:attachment":[{"href":"https:\/\/www.wemovenow.com\/en\/wp-json\/wp\/v2\/media?parent=5124"}],"wp:term":[{"taxonomy":"category","embeddable":true,"href":"https:\/\/www.wemovenow.com\/en\/wp-json\/wp\/v2\/categories?post=5124"},{"taxonomy":"post_tag","embeddable":true,"href":"https:\/\/www.wemovenow.com\/en\/wp-json\/wp\/v2\/tags?post=5124"}],"curies":[{"name":"wp","href":"https:\/\/api.w.org\/{rel}","templated":true}]}}