{"id":4591,"date":"2020-07-20T12:06:06","date_gmt":"2020-07-20T10:06:06","guid":{"rendered":"https:\/\/www.wemovenow.com\/?p=4591"},"modified":"2021-03-09T00:46:42","modified_gmt":"2021-03-08T22:46:42","slug":"neues-ogh-urteil-fuer-heimladestationen","status":"publish","type":"post","link":"https:\/\/www.wemovenow.com\/en\/uncategorized\/neues-ogh-urteil-fuer-heimladestationen\/","title":{"rendered":"Neues OGH-Urteil f\u00fcr Heimladestationen"},"content":{"rendered":"<div data-elementor-type=\"wp-post\" data-elementor-id=\"4591\" class=\"elementor elementor-4591\">\n\t\t\t\t\t\t<section class=\"has_eae_slider elementor-section elementor-top-section elementor-element elementor-element-60b950e2 elementor-section-boxed elementor-section-height-default elementor-section-height-default\" data-id=\"60b950e2\" data-element_type=\"section\">\n\t\t\t\t\t\t<div class=\"elementor-container elementor-column-gap-default\">\n\t\t\t\t\t<div class=\"has_eae_slider elementor-column elementor-col-100 elementor-top-column elementor-element elementor-element-4effff65\" data-id=\"4effff65\" data-element_type=\"column\">\n\t\t\t<div class=\"elementor-widget-wrap elementor-element-populated\">\n\t\t\t\t\t\t<section class=\"has_eae_slider elementor-section elementor-inner-section elementor-element elementor-element-e52c9a0 elementor-section-boxed elementor-section-height-default elementor-section-height-default\" data-id=\"e52c9a0\" data-element_type=\"section\">\n\t\t\t\t\t\t<div class=\"elementor-container elementor-column-gap-default\">\n\t\t\t\t\t<div class=\"has_eae_slider elementor-column elementor-col-50 elementor-inner-column elementor-element elementor-element-38b3cfb\" data-id=\"38b3cfb\" data-element_type=\"column\">\n\t\t\t<div class=\"elementor-widget-wrap elementor-element-populated\">\n\t\t\t\t\t\t<div class=\"elementor-element elementor-element-be89305 elementor-widget elementor-widget-image\" data-id=\"be89305\" data-element_type=\"widget\" data-widget_type=\"image.default\">\n\t\t\t\t<div class=\"elementor-widget-container\">\n\t\t\t\t\t\t\t\t\t\t\t\t\t\t\t\t<a href=\"https:\/\/edison.handelsblatt.com\/e-hub\/so-viel-strom-brauchen-autos-mit-verbrennungsmotor\/20826274.html\" target=\"_blank\">\n\t\t\t\t\t\t\t<img fetchpriority=\"high\" decoding=\"async\" width=\"1024\" height=\"768\" src=\"https:\/\/www.wemovenow.com\/wp-content\/uploads\/2020\/02\/jac-front-elektroauto-elektromobilit\u00e4t-leistbar-g\u00fcnstig-1024x768.jpg\" class=\"attachment-large size-large wp-image-3269\" alt=\"\" srcset=\"https:\/\/www.wemovenow.com\/wp-content\/uploads\/2020\/02\/jac-front-elektroauto-elektromobilit\u00e4t-leistbar-g\u00fcnstig-1024x768.jpg 1024w, https:\/\/www.wemovenow.com\/wp-content\/uploads\/2020\/02\/jac-front-elektroauto-elektromobilit\u00e4t-leistbar-g\u00fcnstig-scaled-600x450.jpg 600w, https:\/\/www.wemovenow.com\/wp-content\/uploads\/2020\/02\/jac-front-elektroauto-elektromobilit\u00e4t-leistbar-g\u00fcnstig-300x225.jpg 300w, https:\/\/www.wemovenow.com\/wp-content\/uploads\/2020\/02\/jac-front-elektroauto-elektromobilit\u00e4t-leistbar-g\u00fcnstig-768x576.jpg 768w, https:\/\/www.wemovenow.com\/wp-content\/uploads\/2020\/02\/jac-front-elektroauto-elektromobilit\u00e4t-leistbar-g\u00fcnstig-1536x1152.jpg 1536w, https:\/\/www.wemovenow.com\/wp-content\/uploads\/2020\/02\/jac-front-elektroauto-elektromobilit\u00e4t-leistbar-g\u00fcnstig-2048x1536.jpg 2048w\" sizes=\"(max-width: 1024px) 100vw, 1024px\" \/>\t\t\t\t\t\t\t\t<\/a>\n\t\t\t\t\t\t\t\t\t\t\t\t\t\t\t<\/div>\n\t\t\t\t<\/div>\n\t\t\t\t\t<\/div>\n\t\t<\/div>\n\t\t\t\t<div class=\"has_eae_slider elementor-column elementor-col-50 elementor-inner-column elementor-element elementor-element-3d8c125\" data-id=\"3d8c125\" data-element_type=\"column\">\n\t\t\t<div class=\"elementor-widget-wrap elementor-element-populated\">\n\t\t\t\t\t\t<div class=\"elementor-element elementor-element-bdc1537 elementor-widget elementor-widget-text-editor\" data-id=\"bdc1537\" data-element_type=\"widget\" data-widget_type=\"text-editor.default\">\n\t\t\t\t<div class=\"elementor-widget-container\">\n\t\t\t\t\t\t\t\t\t<div>Es war eine Frage der Zeit und war bereits seit Anfang des Jahres f\u00fcr das Q2 2020 angek\u00fcndigt. Und zwar die Befragung aller Miteigent\u00fcmer in einer Hauseigent\u00fcmergemeinschaft, wenn ich mir als Privatperson f\u00fcr mein Elektroauto eine Wallbox installieren m\u00f6chte.<\/div><div>\u00a0<\/div><div>Zum Hintergrund: Bis dato war es nicht m\u00f6glich, dass sich jemand beim Kauf eines Elektroautos eine Ladem\u00f6glichkeit am &#8222;eigenen&#8220; Tiefgaragenstellplatz zu installieren, wenn nicht alle Hausmiteigent\u00fcmer einstimmig einverstanden waren. Nat\u00fcrlich sind solche Vorschriften den Ausbau von Elektromobilit\u00e4t nicht f\u00f6derlich, denn Elektromobilit\u00e4t lebt davon, dass Fahrzeuge dann geladen werden, wenn sie ohnehin stehen. Und das ist in gut 90% der F\u00e4llen auf der Arbeit oder eben zu Hause. Dort stehen die Fahrzeuge einfach die meiste Zeit rum. Sie stehen, w\u00e4hrend sie in dieser Zeit sch\u00f6n langsam geladen werden k\u00f6nnen, wo mit jeder Stunde Stehzeit ca. 20 &#8211; 25 km Reichweite dazu kommen. F\u00fcr alle Pendler, also die 85 % der Bev\u00f6lkerung, die tagt\u00e4chlich mit dem Elektroauto ihre 45 km zur\u00fcck legen, war bis dato ohne eigene Ladestation dies nat\u00fcrlich ein gro\u00dfes Hindernis, weil die schlechte Verf\u00fcgbarkeit von Ladem\u00f6glichkeiten bis dato immer noch nicht gegeben ist. Leider schie\u00dft der Ausbau der Ladeinfrastruktur leider am Ziel vorbei mit der Installation von 11 &#8211; 22 kW Ladevorrichtungen f\u00fcr beschleunigtes Laden. Diese sind in einem Einkaufszentrum eventuell von Vorteil, decken aber nur den Fall ab, dass jemand f\u00fcr 1 &#8211; 4 h seine Eink\u00e4ufe erledigt, weil danach die Autos komplett aufgeladen sind. Beinahe alle Verrechnungsmodelle sind so eingestellt, dass nach vollst\u00e4ndiger Ladung das Fahrzeug zu entfernen ist. Was sich in der Praxis als relativ schwierig entpuppt, wenn man gerade an der Kassa steht oder in einem Termin ist. Aus diesem Grund ist es am praktikabelsten, wenn das Fahrzeug in der Garage &#8222;gem\u00fctlich&#8220; geladen wird. D.h. wenn man es um 19.00 am Abend ansteckt bei ganz gew\u00f6hnlicher Stromversorgung nach Standart von 16 Ampere, sind die 50 km nach ca. 2 h wieder nachgeladen und falls es 100 km sein sollten, ist es dann um 23.00 wieder voll. Befindet man sich in einem \u00e4lteren Geb\u00e4ude, wo die Stromversorgung mit 13 Ampere abgesichert ist, w\u00e4ren es dann 2,5 h statt 2 h und die 100 km w\u00e4ren dementsprechend um 24.00 wieder nachgeladen. Selbst wenn das Auto noch langsamer laden w\u00fcrde, also mit 10 Ampere, w\u00e4re es trotzdem um 2.00 in der Nacht wieder komplett voll.<\/div><div>\u00a0<\/div><div>Diese Beispielrechnung zeigt, dass die gro\u00dfe Sorge vom &#8222;Stehen&#8220; bleiben der Vergangenheit angeh\u00f6rt. Elektroauto fahren hat den enormen Vorteil, dass man nie wieder zur Tanke fahren muss, sich die Finger \u00f6lig und schmutzig macht, und 5 &#8211; 10 Minuten Zeit verschwendet, je nachdem, wieviele vor einem stehen und wie lang der Bezahlvorgang dauert. Elektroauto fahren hei\u00dft eben Freiheit, weil lediglich beim &#8222;nach Hause&#8220; kommen den Stecker ins Auto stecke und es w\u00e4hrend der Standzeit sich wieder aufl\u00e4dt.<\/div><div>Genau das wurde jetzt vom <a href=\"https:\/\/www.vn.at\/immo\/2020\/07\/16\/ogh-verhilft-zu-e-garagenstrom.vn\" target=\"_blank\" rel=\"noopener\">OGH entschieden<\/a>, wie aus dem Bericht zu entnehmen ist. Somit steht niemandem mehr das letzte Hindernis im Weg, auf sein E-Auto zu verzichten. Mit unserem Team an Experten beraten wir Sie gerne, welches <a href=\"https:\/\/www.wemovenow.com\/en\/elektrofahrzeuge\/\" target=\"_blank\" rel=\"noopener\">Electric car<\/a> f\u00fcr Sie in Frage kommt und k\u00f6nnen f\u00fcr Sie markenunabh\u00e4ngig jedes passende und gew\u00fcnschte Fahrzeug als G-Electric-Standort Tirol f\u00fcr Sie besorgen.<\/div><div>\u00a0<\/div><div><p>Mit der neuen F\u00f6rderung von 5.000,- f\u00fcr die Anschaffung von Elektroautos sparen auch Privatpersonen schon beim Umstieg finanziell, wenn sie mehr als 15.000 km im Jahr fahren.<\/p><\/div>\t\t\t\t\t\t\t\t<\/div>\n\t\t\t\t<\/div>\n\t\t\t\t\t<\/div>\n\t\t<\/div>\n\t\t\t\t\t<\/div>\n\t\t<\/section>\n\t\t\t\t\t<\/div>\n\t\t<\/div>\n\t\t\t\t\t<\/div>\n\t\t<\/section>\n\t\t\t\t<\/div>","protected":false},"excerpt":{"rendered":"<p>Es war eine Frage der Zeit und war bereits seit Anfang des Jahres f\u00fcr das Q2 2020 angek\u00fcndigt. Und zwar die Befragung aller Miteigent\u00fcmer in einer Hauseigent\u00fcmergemeinschaft, wenn ich mir als Privatperson f\u00fcr mein Elektroauto eine Wallbox installieren m\u00f6chte.&nbsp;Zum Hintergrund: Bis dato war es nicht m\u00f6glich, dass sich jemand beim Kauf eines Elektroautos eine Ladem\u00f6glichkeit [&hellip;]<\/p>","protected":false},"author":1,"featured_media":0,"comment_status":"open","ping_status":"open","sticky":false,"template":"","format":"standard","meta":{"footnotes":""},"categories":[48,45,1],"tags":[],"class_list":["post-4591","post","type-post","status-publish","format-standard","hentry","category-greenconstruction","category-greenmobility","category-uncategorized","entry","owp-thumbs-layout-horizontal","owp-btn-normal","owp-tabs-layout-horizontal","has-no-thumbnails","has-product-nav"],"_links":{"self":[{"href":"https:\/\/www.wemovenow.com\/en\/wp-json\/wp\/v2\/posts\/4591","targetHints":{"allow":["GET"]}}],"collection":[{"href":"https:\/\/www.wemovenow.com\/en\/wp-json\/wp\/v2\/posts"}],"about":[{"href":"https:\/\/www.wemovenow.com\/en\/wp-json\/wp\/v2\/types\/post"}],"author":[{"embeddable":true,"href":"https:\/\/www.wemovenow.com\/en\/wp-json\/wp\/v2\/users\/1"}],"replies":[{"embeddable":true,"href":"https:\/\/www.wemovenow.com\/en\/wp-json\/wp\/v2\/comments?post=4591"}],"version-history":[{"count":4,"href":"https:\/\/www.wemovenow.com\/en\/wp-json\/wp\/v2\/posts\/4591\/revisions"}],"predecessor-version":[{"id":4595,"href":"https:\/\/www.wemovenow.com\/en\/wp-json\/wp\/v2\/posts\/4591\/revisions\/4595"}],"wp:attachment":[{"href":"https:\/\/www.wemovenow.com\/en\/wp-json\/wp\/v2\/media?parent=4591"}],"wp:term":[{"taxonomy":"category","embeddable":true,"href":"https:\/\/www.wemovenow.com\/en\/wp-json\/wp\/v2\/categories?post=4591"},{"taxonomy":"post_tag","embeddable":true,"href":"https:\/\/www.wemovenow.com\/en\/wp-json\/wp\/v2\/tags?post=4591"}],"curies":[{"name":"wp","href":"https:\/\/api.w.org\/{rel}","templated":true}]}}