{"id":3182,"date":"2020-01-07T13:08:40","date_gmt":"2020-01-07T11:08:40","guid":{"rendered":"https:\/\/www.wemovenow.com\/?p=3182"},"modified":"2021-03-09T00:47:26","modified_gmt":"2021-03-08T22:47:26","slug":"wird-2020-das-jahr-der-elektroautos","status":"publish","type":"post","link":"https:\/\/www.wemovenow.com\/en\/uncategorized\/wird-2020-das-jahr-der-elektroautos\/","title":{"rendered":"Wird 2020 das Jahr der Elektroautos?"},"content":{"rendered":"<div data-elementor-type=\"wp-post\" data-elementor-id=\"3182\" class=\"elementor elementor-3182\">\n\t\t\t\t\t\t<section class=\"has_eae_slider elementor-section elementor-top-section elementor-element elementor-element-60b950e2 elementor-section-boxed elementor-section-height-default elementor-section-height-default\" data-id=\"60b950e2\" data-element_type=\"section\">\n\t\t\t\t\t\t<div class=\"elementor-container elementor-column-gap-default\">\n\t\t\t\t\t<div class=\"has_eae_slider elementor-column elementor-col-100 elementor-top-column elementor-element elementor-element-4effff65\" data-id=\"4effff65\" data-element_type=\"column\">\n\t\t\t<div class=\"elementor-widget-wrap elementor-element-populated\">\n\t\t\t\t\t\t<section class=\"has_eae_slider elementor-section elementor-inner-section elementor-element elementor-element-e52c9a0 elementor-section-boxed elementor-section-height-default elementor-section-height-default\" data-id=\"e52c9a0\" data-element_type=\"section\">\n\t\t\t\t\t\t<div class=\"elementor-container elementor-column-gap-default\">\n\t\t\t\t\t<div class=\"has_eae_slider elementor-column elementor-col-50 elementor-inner-column elementor-element elementor-element-38b3cfb\" data-id=\"38b3cfb\" data-element_type=\"column\">\n\t\t\t<div class=\"elementor-widget-wrap elementor-element-populated\">\n\t\t\t\t\t\t<div class=\"elementor-element elementor-element-be89305 elementor-widget elementor-widget-image\" data-id=\"be89305\" data-element_type=\"widget\" data-widget_type=\"image.default\">\n\t\t\t\t<div class=\"elementor-widget-container\">\n\t\t\t\t\t\t\t\t\t\t\t\t\t\t\t\t<a href=\"https:\/\/edison.handelsblatt.com\/e-hub\/so-viel-strom-brauchen-autos-mit-verbrennungsmotor\/20826274.html\" target=\"_blank\">\n\t\t\t\t\t\t\t<img fetchpriority=\"high\" decoding=\"async\" width=\"1024\" height=\"768\" src=\"https:\/\/www.wemovenow.com\/wp-content\/uploads\/2019\/07\/Sonnentanken-elektrotankstelle-aldi-1024x768.jpg\" class=\"attachment-large size-large wp-image-2115\" alt=\"\" srcset=\"https:\/\/www.wemovenow.com\/wp-content\/uploads\/2019\/07\/Sonnentanken-elektrotankstelle-aldi-1024x768.jpg 1024w, https:\/\/www.wemovenow.com\/wp-content\/uploads\/2019\/07\/Sonnentanken-elektrotankstelle-aldi-600x450.jpg 600w, https:\/\/www.wemovenow.com\/wp-content\/uploads\/2019\/07\/Sonnentanken-elektrotankstelle-aldi-300x225.jpg 300w, https:\/\/www.wemovenow.com\/wp-content\/uploads\/2019\/07\/Sonnentanken-elektrotankstelle-aldi-768x576.jpg 768w\" sizes=\"(max-width: 1024px) 100vw, 1024px\" \/>\t\t\t\t\t\t\t\t<\/a>\n\t\t\t\t\t\t\t\t\t\t\t\t\t\t\t<\/div>\n\t\t\t\t<\/div>\n\t\t\t\t\t<\/div>\n\t\t<\/div>\n\t\t\t\t<div class=\"has_eae_slider elementor-column elementor-col-50 elementor-inner-column elementor-element elementor-element-3d8c125\" data-id=\"3d8c125\" data-element_type=\"column\">\n\t\t\t<div class=\"elementor-widget-wrap elementor-element-populated\">\n\t\t\t\t\t\t<div class=\"elementor-element elementor-element-bdc1537 elementor-widget elementor-widget-text-editor\" data-id=\"bdc1537\" data-element_type=\"widget\" data-widget_type=\"text-editor.default\">\n\t\t\t\t<div class=\"elementor-widget-container\">\n\t\t\t\t\t\t\t\t\t<p>Ob 2020 das Jahr der Elektroautos wird, kann mit JA und mit JEIN beantwortet werden. Wir von MOVENOW sehen Mobilit\u00e4t hollistisch und k\u00f6nnen gewiss sagen, dass es das Jahr f\u00fcr Elektroautos wird. Allein schon deshalb, weil durch die Grenzwerterichtlinie der EU, die ab diesem Jahr von den Automobilherstellern eingehalten werden muss, diese dazu zwingt, Elektroautos zu verkaufen. Wenn sie dies nicht machen, m\u00fcssen sie halt Strafzahlungen in Kauf nehmen. Es wird sich noch zeigen, wer lieber Strafen zahlt und wer sich dann doch f\u00fcr gr\u00fcne Mobilit\u00e4t entscheidet.<\/p><p>Mobilit\u00e4t ist aber mehr als nur ein Elektroauto zu kaufen, obwohl es schon sehr viel Angebot daf\u00fcr gibt. Da wir von MOVENOW die komplette Mobilit\u00e4t elektrifizieren, ist 2020 sicherlich auch das Jahr f\u00fcr Elektromopeds, E-Motorr\u00e4der, E-Bikes und vielen anderen elektrischen Fortbewegungsmitteln, die alle dazu dienen, emissionsfrei unterwegs zu sein. Eine doch beachtliche Auswahl findest du nat\u00fcrlich auf unserer <a href=\"https:\/\/www.wemovenow.com\/en\/elektrofahrzeuge\/\">Website<\/a>. Solltest du etwas suchen, dies aber nicht finden, <a href=\"https:\/\/www.wemovenow.com\/en\/kontakt\/\">kontaktier<\/a> uns einfach und wir helfen dir weiter. Wir haben schon viele Spezialfahrzeuge beschafft und geliefert, vom E-Scooter bis hin zum elektrischen Bus.<\/p><p>Warum wird 2020 also das Jahr der Elektromobilit\u00e4t in \u00d6sterreich? Nun, neben der Tatsache, dass etliche neue Modelle von Elektroautos auf den Markt kommen, gibt es zus\u00e4tzlich zahlreiche Erleichterungen f\u00fcr diverse elektrische Fahrzeuge im Bereich Steuern. Dazu z\u00e4hlen beispielsweise Vorsteuerabzug f\u00fcr Unternehmen f\u00fcr alle Art von Elektrofahrr\u00e4dern, angefangen bei <a href=\"https:\/\/www.wemovenow.com\/en\/e-bike-modelle\/\">E-Bikes<\/a>, <a href=\"https:\/\/www.wemovenow.com\/en\/e-roller\/\">E-Mopeds<\/a>, <a href=\"https:\/\/www.wemovenow.com\/en\/e-roller\/\">E-Motorr\u00e4dern<\/a>, E-Squads, elektrischen dreir\u00e4drigen oder vierr\u00e4drigen Kraftr\u00e4dern wie das <a href=\"https:\/\/www.wemovenow.com\/en\/e-trike\/\">Weezl 3.0<\/a> oder das <a href=\"https:\/\/www.wemovenow.com\/en\/e-minicar\/\">Weezl 4.0<\/a> und sogar Selbstbalance-Rollern.<\/p><p>Die motorbezogene Versicherungssteuer wird hingegen endlich \u00f6kologisch umgestaltet, d.h. f\u00fcr Verbrenner sind dann mehr Steuern zu entrichten als aktuell. Dies sollte dann auch die eine oder andere Kaufentscheidung beeinflussen \ud83d\ude09 Dass Elektroautos im Betrieb immer g\u00fcnstiger sind als Verbrenner, war bisher auch schon immer klar, weil sie einfach zigfach effizienter im Betrieb sind, so gut wie keine Verluste haben, Energie r\u00fcckgewinnen, und auch schon jetzt steuerliche Vorteile haben. Der Tesla-Fahrer, der bereits <a href=\"https:\/\/www.wemovenow.com\/en\/uncategorized\/wie-lange-haelt-ein-e-autoi\/\">1 Million km<\/a> mit seinem Tesla gefahren ist, hat umgerechnet lediglich 7 Cent pro km bezahlt, was mit jedem anderen Auto, sei es noch so klein, undenkbar ist.<\/p><p>Weiters werden auch alljene steuerlich befreit, die selbst Strom erzeugen mittels einer PV-Anlage und diesen auch selbst verbrauchen. <\/p><p>Wer neugierig ist, was sich alles so tun wird und bereits seit 1. J\u00e4nner fixiert ist, kann sich die Infos auch gerne am Info-Workshop holen, damit keine Zuckerl verpasst werden. Hier geht&#8217;s zur <a href=\"https:\/\/www.wemovenow.com\/en\/anmeldung-info-workshop\/\">Anmeldung<\/a>!<\/p><p>Endlich werden die gesetzlichen Rahmenbedingungen so ver\u00e4ndert, dass umweltfreundliches Handeln belohnt wird. Wir freuen uns auf ein Jahrzehnt, in dem das komplette Energiesystem revolutioniert wird und die Weichen stellt f\u00fcr alle weitere Vorhaben. In diesem Sinne ein gutes NEUES (Jahrhundert :-)!<\/p>\t\t\t\t\t\t\t\t<\/div>\n\t\t\t\t<\/div>\n\t\t\t\t\t<\/div>\n\t\t<\/div>\n\t\t\t\t\t<\/div>\n\t\t<\/section>\n\t\t\t\t\t<\/div>\n\t\t<\/div>\n\t\t\t\t\t<\/div>\n\t\t<\/section>\n\t\t\t\t<\/div>","protected":false},"excerpt":{"rendered":"<p>Ob 2020 das Jahr der Elektroautos wird, kann mit JA und mit JEIN beantwortet werden. Wir von MOVENOW sehen Mobilit\u00e4t hollistisch und k\u00f6nnen gewiss sagen, dass es das Jahr f\u00fcr Elektroautos wird. Allein schon deshalb, weil durch die Grenzwerterichtlinie der EU, die ab diesem Jahr von den Automobilherstellern eingehalten werden muss, diese dazu zwingt, Elektroautos [&hellip;]<\/p>","protected":false},"author":1,"featured_media":0,"comment_status":"open","ping_status":"open","sticky":false,"template":"","format":"standard","meta":{"footnotes":""},"categories":[45,1],"tags":[],"class_list":["post-3182","post","type-post","status-publish","format-standard","hentry","category-greenmobility","category-uncategorized","entry","owp-thumbs-layout-horizontal","owp-btn-normal","owp-tabs-layout-horizontal","has-no-thumbnails","has-product-nav"],"_links":{"self":[{"href":"https:\/\/www.wemovenow.com\/en\/wp-json\/wp\/v2\/posts\/3182","targetHints":{"allow":["GET"]}}],"collection":[{"href":"https:\/\/www.wemovenow.com\/en\/wp-json\/wp\/v2\/posts"}],"about":[{"href":"https:\/\/www.wemovenow.com\/en\/wp-json\/wp\/v2\/types\/post"}],"author":[{"embeddable":true,"href":"https:\/\/www.wemovenow.com\/en\/wp-json\/wp\/v2\/users\/1"}],"replies":[{"embeddable":true,"href":"https:\/\/www.wemovenow.com\/en\/wp-json\/wp\/v2\/comments?post=3182"}],"version-history":[{"count":5,"href":"https:\/\/www.wemovenow.com\/en\/wp-json\/wp\/v2\/posts\/3182\/revisions"}],"predecessor-version":[{"id":3188,"href":"https:\/\/www.wemovenow.com\/en\/wp-json\/wp\/v2\/posts\/3182\/revisions\/3188"}],"wp:attachment":[{"href":"https:\/\/www.wemovenow.com\/en\/wp-json\/wp\/v2\/media?parent=3182"}],"wp:term":[{"taxonomy":"category","embeddable":true,"href":"https:\/\/www.wemovenow.com\/en\/wp-json\/wp\/v2\/categories?post=3182"},{"taxonomy":"post_tag","embeddable":true,"href":"https:\/\/www.wemovenow.com\/en\/wp-json\/wp\/v2\/tags?post=3182"}],"curies":[{"name":"wp","href":"https:\/\/api.w.org\/{rel}","templated":true}]}}