{"id":2017,"date":"2019-06-26T22:55:19","date_gmt":"2019-06-26T22:55:19","guid":{"rendered":"http:\/\/www.wemovenow.com\/?p=2017"},"modified":"2019-08-28T05:49:43","modified_gmt":"2019-08-28T05:49:43","slug":"elektroauto-und-die-geschwindigkeit-in-oesterreich","status":"publish","type":"post","link":"https:\/\/www.wemovenow.com\/en\/uncategorized\/elektroauto-und-die-geschwindigkeit-in-oesterreich\/","title":{"rendered":"Elektroauto und die Geschwindigkeit in \u00d6sterreich"},"content":{"rendered":"<div data-elementor-type=\"wp-post\" data-elementor-id=\"2017\" class=\"elementor elementor-2017\">\n\t\t\t\t\t\t<section class=\"has_eae_slider elementor-section elementor-top-section elementor-element elementor-element-60b950e2 elementor-section-boxed elementor-section-height-default elementor-section-height-default\" data-id=\"60b950e2\" data-element_type=\"section\">\n\t\t\t\t\t\t<div class=\"elementor-container elementor-column-gap-default\">\n\t\t\t\t\t<div class=\"has_eae_slider elementor-column elementor-col-100 elementor-top-column elementor-element elementor-element-4effff65\" data-id=\"4effff65\" data-element_type=\"column\">\n\t\t\t<div class=\"elementor-widget-wrap elementor-element-populated\">\n\t\t\t\t\t\t<section class=\"has_eae_slider elementor-section elementor-inner-section elementor-element elementor-element-e52c9a0 elementor-section-boxed elementor-section-height-default elementor-section-height-default\" data-id=\"e52c9a0\" data-element_type=\"section\">\n\t\t\t\t\t\t<div class=\"elementor-container elementor-column-gap-default\">\n\t\t\t\t\t<div class=\"has_eae_slider elementor-column elementor-col-50 elementor-inner-column elementor-element elementor-element-38b3cfb\" data-id=\"38b3cfb\" data-element_type=\"column\">\n\t\t\t<div class=\"elementor-widget-wrap elementor-element-populated\">\n\t\t\t\t\t\t<div class=\"elementor-element elementor-element-be89305 elementor-widget elementor-widget-image\" data-id=\"be89305\" data-element_type=\"widget\" data-widget_type=\"image.default\">\n\t\t\t\t<div class=\"elementor-widget-container\">\n\t\t\t\t\t\t\t\t\t\t\t\t\t\t\t\t<a href=\"https:\/\/www.spiegel.de\/netzwelt\/gadgets\/e-scooter-wie-die-roller-eingefuehrt-werden-kolumne-von-sascha-lobo-a-1265292.html\" target=\"_blank\">\n\t\t\t\t\t\t\t<img fetchpriority=\"high\" decoding=\"async\" width=\"883\" height=\"1024\" src=\"https:\/\/www.wemovenow.com\/wp-content\/uploads\/2019\/06\/Verkehrsbeeinflussungsanlage-IG-L-100_2073a-883x1024.jpg\" class=\"attachment-large size-large wp-image-2019\" alt=\"\" srcset=\"https:\/\/www.wemovenow.com\/wp-content\/uploads\/2019\/06\/Verkehrsbeeinflussungsanlage-IG-L-100_2073a-883x1024.jpg 883w, https:\/\/www.wemovenow.com\/wp-content\/uploads\/2019\/06\/Verkehrsbeeinflussungsanlage-IG-L-100_2073a-600x696.jpg 600w, https:\/\/www.wemovenow.com\/wp-content\/uploads\/2019\/06\/Verkehrsbeeinflussungsanlage-IG-L-100_2073a-259x300.jpg 259w, https:\/\/www.wemovenow.com\/wp-content\/uploads\/2019\/06\/Verkehrsbeeinflussungsanlage-IG-L-100_2073a-768x891.jpg 768w, https:\/\/www.wemovenow.com\/wp-content\/uploads\/2019\/06\/Verkehrsbeeinflussungsanlage-IG-L-100_2073a.jpg 1476w\" sizes=\"(max-width: 883px) 100vw, 883px\" \/>\t\t\t\t\t\t\t\t<\/a>\n\t\t\t\t\t\t\t\t\t\t\t\t\t\t\t<\/div>\n\t\t\t\t<\/div>\n\t\t\t\t\t<\/div>\n\t\t<\/div>\n\t\t\t\t<div class=\"has_eae_slider elementor-column elementor-col-50 elementor-inner-column elementor-element elementor-element-3d8c125\" data-id=\"3d8c125\" data-element_type=\"column\">\n\t\t\t<div class=\"elementor-widget-wrap elementor-element-populated\">\n\t\t\t\t\t\t<div class=\"elementor-element elementor-element-bdc1537 elementor-widget elementor-widget-text-editor\" data-id=\"bdc1537\" data-element_type=\"widget\" data-widget_type=\"text-editor.default\">\n\t\t\t\t<div class=\"elementor-widget-container\">\n\t\t\t\t\t\t\t\t\t<p>Nach einem halben Jahr ist es endlich soweit. Ab 1.7.2019 d\u00fcrfen Elektroautos beim niedlichen IG-L die Maximalgeschwindigkeit von 130 km\/h fahren, w\u00e4hrend Verbrennerautos sich an den 100er halten m\u00fcssen (was sie ohnehin nicht wirklich machen). Vor allem bei Audi-Fahrern haben wir beobachtet, dass sie oft ihren Dieselmotor mit einem Elektromotor verwechseln und deshalb schneller fahren d\u00fcrfen. Deswegen an dieser Stelle nochmal: Ein Dieselmotor ist KEIN Elektromotor \ud83d\ude42<\/p><p>Viele Elektroautofahrer haben sich schon <a href=\"https:\/\/www.oeamtc.at\/news\/oeamtc-begruesst-geplante-aufhebung-von-ig-l-hunderter-fuer-e-autos-25287936\" target=\"_blank\" rel=\"noopener\">vor einem halben Jahr<\/a> gefreut, dass sie mit Beginn 2019 endlich schneller fahren d\u00fcrfen, obwohl sie das ja ohnehin nicht oft machen. Dort wurde das Gesetz verabschiedet. Leider f\u00e4hrt die Politik nicht das Tempo von Technolgie und sozialen Prozessen, sondern braucht eben noch mal 6 Monate l\u00e4nger, bis sie auch die Umsetzung hin bekommt. T\u00e4felchen mit Hinweisen zu platzieren. Wobei wiederum gesagt werden muss, sie setzen es ja eh nicht wirklich um, sondern geben die Anweisung. Umgesetzt wird es nat\u00fcrlich von der Asfinag. Wenn man bedenkt, dass sich Wasserkraftwerke, welche eine der nachhaltigsten M\u00f6glichkeiten zur Energiegewinnung darstellen, teilweise Jahrzehnte brauchen, sind die 6 Monate der IG-L Regelung f\u00fcr \u00f6sterreichische Verh\u00e4ltnisse eigentlich eine Rekordgeschwindigkeit.<\/p><p>Aber aufgepasst. Eine kleine H\u00fcrde hat sich die Politik noch \u00fcberlegt. Nur gr\u00fcne Kennzeichen sind davon ausgenommen. D.h. alle Besitzer und Fahrer von Elektroautos, die wirklich Early Adapters waren, wo es noch nicht mal die Idee f\u00fcr gr\u00fcne Kennzeichen gab, m\u00fcssen den IG-L einhalten. Um ausgenommen zu werden, gibt es auch eine M\u00f6glichkeit. Schwarzes Kennzeichen gegen ein gr\u00fcnes tauschen. Schlie\u00dflich sollen ja Monopole ja auch noch was verdienen.<\/p><p>Wir freuen uns trotzdem, die frohe Botschaft verk\u00fcnden zu d\u00fcrfen und w\u00fcnschen viel Spa\u00df beim &#8222;Verbrenner verblasen&#8220;. Geh\u00f6rt ihnen ja nicht anders. Wer also nicht mit seinen 100 km\/h dahin eiern m\u00f6chte, hat nun auch ein Argument in seinem Freundeskreis, auf Elektro umzusteigen. Und f\u00fcr alle, die gerne Fakten haben, aber zu faul sind, um zu recherchieren, hier der <a href=\"https:\/\/www.oeamtc.at\/news\/oeamtc-begruesst-geplante-aufhebung-von-ig-l-hunderter-fuer-e-autos-25287936\" target=\"_blank\" rel=\"noopener\">Artikel<\/a>.<\/p>\t\t\t\t\t\t\t\t<\/div>\n\t\t\t\t<\/div>\n\t\t\t\t\t<\/div>\n\t\t<\/div>\n\t\t\t\t\t<\/div>\n\t\t<\/section>\n\t\t\t\t\t<\/div>\n\t\t<\/div>\n\t\t\t\t\t<\/div>\n\t\t<\/section>\n\t\t\t\t<\/div>","protected":false},"excerpt":{"rendered":"<p>Nach einem halben Jahr ist es endlich soweit. Ab 1.7.2019 d\u00fcrfen Elektroautos beim niedlichen IG-L die Maximalgeschwindigkeit von 130 km\/h fahren, w\u00e4hrend Verbrennerautos sich an den 100er halten m\u00fcssen (was sie ohnehin nicht wirklich machen). Vor allem bei Audi-Fahrern haben wir beobachtet, dass sie oft ihren Dieselmotor mit einem Elektromotor verwechseln und deshalb schneller fahren [&hellip;]<\/p>","protected":false},"author":1,"featured_media":0,"comment_status":"open","ping_status":"open","sticky":false,"template":"","format":"standard","meta":{"footnotes":""},"categories":[1],"tags":[],"class_list":["post-2017","post","type-post","status-publish","format-standard","hentry","category-uncategorized","entry","owp-thumbs-layout-horizontal","owp-btn-normal","owp-tabs-layout-horizontal","has-no-thumbnails","has-product-nav"],"_links":{"self":[{"href":"https:\/\/www.wemovenow.com\/en\/wp-json\/wp\/v2\/posts\/2017","targetHints":{"allow":["GET"]}}],"collection":[{"href":"https:\/\/www.wemovenow.com\/en\/wp-json\/wp\/v2\/posts"}],"about":[{"href":"https:\/\/www.wemovenow.com\/en\/wp-json\/wp\/v2\/types\/post"}],"author":[{"embeddable":true,"href":"https:\/\/www.wemovenow.com\/en\/wp-json\/wp\/v2\/users\/1"}],"replies":[{"embeddable":true,"href":"https:\/\/www.wemovenow.com\/en\/wp-json\/wp\/v2\/comments?post=2017"}],"version-history":[{"count":3,"href":"https:\/\/www.wemovenow.com\/en\/wp-json\/wp\/v2\/posts\/2017\/revisions"}],"predecessor-version":[{"id":2708,"href":"https:\/\/www.wemovenow.com\/en\/wp-json\/wp\/v2\/posts\/2017\/revisions\/2708"}],"wp:attachment":[{"href":"https:\/\/www.wemovenow.com\/en\/wp-json\/wp\/v2\/media?parent=2017"}],"wp:term":[{"taxonomy":"category","embeddable":true,"href":"https:\/\/www.wemovenow.com\/en\/wp-json\/wp\/v2\/categories?post=2017"},{"taxonomy":"post_tag","embeddable":true,"href":"https:\/\/www.wemovenow.com\/en\/wp-json\/wp\/v2\/tags?post=2017"}],"curies":[{"name":"wp","href":"https:\/\/api.w.org\/{rel}","templated":true}]}}