{"id":1831,"date":"2019-05-24T09:59:41","date_gmt":"2019-05-24T09:59:41","guid":{"rendered":"http:\/\/www.wemovenow.com\/?p=1831"},"modified":"2019-08-28T05:51:05","modified_gmt":"2019-08-28T05:51:05","slug":"ein-mentalist-prognostiziert-die-zukunft-der-mobilitaet","status":"publish","type":"post","link":"https:\/\/www.wemovenow.com\/en\/uncategorized\/ein-mentalist-prognostiziert-die-zukunft-der-mobilitaet\/","title":{"rendered":"Ein Mentalist prognostiziert die Zukunft der Mobilit\u00e4t"},"content":{"rendered":"<div data-elementor-type=\"wp-post\" data-elementor-id=\"1831\" class=\"elementor elementor-1831\">\n\t\t\t\t\t\t<section class=\"has_eae_slider elementor-section elementor-top-section elementor-element elementor-element-60b950e2 elementor-section-boxed elementor-section-height-default elementor-section-height-default\" data-id=\"60b950e2\" data-element_type=\"section\">\n\t\t\t\t\t\t<div class=\"elementor-container elementor-column-gap-default\">\n\t\t\t\t\t<div class=\"has_eae_slider elementor-column elementor-col-100 elementor-top-column elementor-element elementor-element-4effff65\" data-id=\"4effff65\" data-element_type=\"column\">\n\t\t\t<div class=\"elementor-widget-wrap elementor-element-populated\">\n\t\t\t\t\t\t<section class=\"has_eae_slider elementor-section elementor-inner-section elementor-element elementor-element-e52c9a0 elementor-section-boxed elementor-section-height-default elementor-section-height-default\" data-id=\"e52c9a0\" data-element_type=\"section\">\n\t\t\t\t\t\t<div class=\"elementor-container elementor-column-gap-default\">\n\t\t\t\t\t<div class=\"has_eae_slider elementor-column elementor-col-50 elementor-inner-column elementor-element elementor-element-38b3cfb\" data-id=\"38b3cfb\" data-element_type=\"column\">\n\t\t\t<div class=\"elementor-widget-wrap elementor-element-populated\">\n\t\t\t\t\t\t<div class=\"elementor-element elementor-element-be89305 elementor-widget elementor-widget-image\" data-id=\"be89305\" data-element_type=\"widget\" data-widget_type=\"image.default\">\n\t\t\t\t<div class=\"elementor-widget-container\">\n\t\t\t\t\t\t\t\t\t\t\t\t\t\t\t\t<a href=\"https:\/\/www.spiegel.de\/netzwelt\/gadgets\/e-scooter-wie-die-roller-eingefuehrt-werden-kolumne-von-sascha-lobo-a-1265292.html\" target=\"_blank\">\n\t\t\t\t\t\t\t<img fetchpriority=\"high\" decoding=\"async\" width=\"1024\" height=\"683\" src=\"https:\/\/www.wemovenow.com\/wp-content\/uploads\/2019\/05\/Magier_Mentalist_Menschenleser_Dino_Dorado_3-1024x683.jpg\" class=\"attachment-large size-large wp-image-1834\" alt=\"\" srcset=\"https:\/\/www.wemovenow.com\/wp-content\/uploads\/2019\/05\/Magier_Mentalist_Menschenleser_Dino_Dorado_3-1024x683.jpg 1024w, https:\/\/www.wemovenow.com\/wp-content\/uploads\/2019\/05\/Magier_Mentalist_Menschenleser_Dino_Dorado_3-600x400.jpg 600w, https:\/\/www.wemovenow.com\/wp-content\/uploads\/2019\/05\/Magier_Mentalist_Menschenleser_Dino_Dorado_3-300x200.jpg 300w, https:\/\/www.wemovenow.com\/wp-content\/uploads\/2019\/05\/Magier_Mentalist_Menschenleser_Dino_Dorado_3-768x512.jpg 768w\" sizes=\"(max-width: 1024px) 100vw, 1024px\" \/>\t\t\t\t\t\t\t\t<\/a>\n\t\t\t\t\t\t\t\t\t\t\t\t\t\t\t<\/div>\n\t\t\t\t<\/div>\n\t\t\t\t\t<\/div>\n\t\t<\/div>\n\t\t\t\t<div class=\"has_eae_slider elementor-column elementor-col-50 elementor-inner-column elementor-element elementor-element-3d8c125\" data-id=\"3d8c125\" data-element_type=\"column\">\n\t\t\t<div class=\"elementor-widget-wrap elementor-element-populated\">\n\t\t\t\t\t\t<div class=\"elementor-element elementor-element-bdc1537 elementor-widget elementor-widget-text-editor\" data-id=\"bdc1537\" data-element_type=\"widget\" data-widget_type=\"text-editor.default\">\n\t\t\t\t<div class=\"elementor-widget-container\">\n\t\t\t\t\t\t\t\t\t<p>Was wird in der hei\u00dfen Diskussion um Elektroautos passieren? Wer k\u00f6nnte diese Frage denn besser beantworten als Mentalist Dino Dorado. Seit \u00fcber 10 Jahren auf den gro\u00dfen B\u00fchnen dieser Welt unterwegs, wei\u00df der Gedanken- und Menschenleser ziemlich genau, in welche Richtung sich die Mobilit\u00e4t der Zukunft bewegen wird. Da er auch schon letztes Jahr voraus gesagt hat, was mit Tesla passieren wird und zu 100% richtig gelegen ist, sind wir gespannt, wie er die aktuelle Lage um das Thema Elektromobilit\u00e4t in Europa einsch\u00e4tzt. Hier spannende Zeilen, die wir von ihm erhalten haben:<\/p><p><i>Im Verbrennerautoland Deutschland sowie auch im restlichen Europa (ausgenommen Norwegen \ud83d\ude42 ist es kein Wunder, dass auch der Gro\u00dfteil der Bev\u00f6lkerung das E-Auto skeptisch sieht. Durch die Medien werden einerseits nat\u00fcrlich sehr viele Dogmen verbreitet, andrerseits aber doch auch sehr viele richtige Informationen. F\u00fcr den Laien und in weiterer Folge auch f\u00fcr Reporter, die ja auch nur Laien sind, ist es schwierig zu differenzieren, was denn nun wahr ist oder was bewusst gestreute Falschinformationen sind, auf die weitere (Schein-)Weisheiten aufbauen.<\/i><\/p><p><i>Leider kursiert aktuell immer noch eine bewusst injizierte Volksmeinung in den K\u00f6pfen, die besagt, dass Diesel- oder Benzinautos umweltfreundlicher als Elektroautos seien. Diese Meinung wird dann versucht, in \u00f6ffentlichen Medien und auch an Stammtischen mit Floskeln von Pseudostudien zu belegen, die schlussendlich einer wirklichen und wahren Untersuchung nicht Stand halten.<\/i><\/p><p><i>Das verhilft der europ\u00e4ischen A<span style=\"font-size: 13px;\">utomobilindustrie mit Schwerpunkt in Deutschland kurzfristig, mehr &#8222;Verbrenner&#8220; verkaufen k\u00f6nnen, damit die Flottenmixwerte eingehalten werden. Eine leider sehr kranke und kurzfristige Strategie, die ihnen noch das Genick brechen wird.<\/span><\/i><\/p><p><span style=\"font-size: 13px;\"><i>Als Mentalist schaue ich in keine Glaskugeln, sondern ich betrachte Dinge, Menschen und Zust\u00e4nde anders als die gro\u00dfe Menge sie betrachtet. Diese Tatsache l\u00e4sst Schlussfolgerungen zu, die mit sehr hoher Wahrscheinlichkeit eintreffen. Mit 250 Shows pro Jahr und einer Trefferquote von durchschnittlich 97% sieht meine Prognose f\u00fcr die Fragestellung \u00fcber das Thema Elektromobilit\u00e4t folgenderma\u00dfen aus:\u00a0<\/i><\/span><\/p><p><b><span style=\"font-size: 13px;\"><i>Teslas Gigafactory in Shanghai wird Ende 2019 fertig, ab 2020 produziert das amerikanische Unternehmen etwa eine halbe Million Elektroautos f\u00fcr den chinesischen Markt. Die Chinesen selbst haben aktuell schon sehr gutes Knowhow und 3 &#8211; 5 Autogiganten, die den explodierenden chinesischen Markt befriedigen m\u00fcssen, st\u00fcrzen sich auch auf Europa und verdr\u00e4ngen mit Elektrofahrzeugen die europ\u00e4ischen Produzenten, weil die chinesischen Elektroautos jetzt schon besser sind. Europ\u00e4ische Produzenten m\u00fcssen aber Elektroautos produzieren, damit sie ihre Gesamtgrenzwerte einhalten. Dadurch werden sie gezwungen, Elektroautos entweder zu verschenken, damit sie noch ihre letzten Verbrenner vor dem endg\u00fcltigen Todessto\u00df in den Markt werfen k\u00f6nnen, bevor sie komplett untergehen oder sie wandeln sich zu Unternehmen, die ausschlie\u00dflich Elektroautos bauen. Die h\u00e4rteste Herausforderung wird dabei sein, den Imagewandel auch glaubhaft zu gestalten, weil das Vertrauen der Kunden durch den Dieselskandal und den darauffolgenden Benzin-Skandal gebrochen ist. Chaos in der Industrie entsteht&#8230;. es bleiben zur\u00fcck: reine Elektroauto-Produzenten.\u00a0<\/i><\/span><i><span style=\"font-size: 13px;\">Und die Welt wird heile&#8230;<\/span><\/i><\/b><\/p><p><b><i><span style=\"font-size: 13px;\">24.5.2019, 9:59<\/span><\/i><\/b><\/p><p>\u00a0<\/p>\t\t\t\t\t\t\t\t<\/div>\n\t\t\t\t<\/div>\n\t\t\t\t\t<\/div>\n\t\t<\/div>\n\t\t\t\t\t<\/div>\n\t\t<\/section>\n\t\t\t\t\t<\/div>\n\t\t<\/div>\n\t\t\t\t\t<\/div>\n\t\t<\/section>\n\t\t\t\t<\/div>","protected":false},"excerpt":{"rendered":"<p>Was wird in der hei\u00dfen Diskussion um Elektroautos passieren? Wer k\u00f6nnte diese Frage denn besser beantworten als Mentalist Dino Dorado. Seit \u00fcber 10 Jahren auf den gro\u00dfen B\u00fchnen dieser Welt unterwegs, wei\u00df der Gedanken- und Menschenleser ziemlich genau, in welche Richtung sich die Mobilit\u00e4t der Zukunft bewegen wird. Da er auch schon letztes Jahr voraus [&hellip;]<\/p>","protected":false},"author":1,"featured_media":0,"comment_status":"open","ping_status":"open","sticky":false,"template":"","format":"standard","meta":{"footnotes":""},"categories":[1],"tags":[],"class_list":["post-1831","post","type-post","status-publish","format-standard","hentry","category-uncategorized","entry","owp-thumbs-layout-horizontal","owp-btn-normal","owp-tabs-layout-horizontal","has-no-thumbnails","has-product-nav"],"_links":{"self":[{"href":"https:\/\/www.wemovenow.com\/en\/wp-json\/wp\/v2\/posts\/1831","targetHints":{"allow":["GET"]}}],"collection":[{"href":"https:\/\/www.wemovenow.com\/en\/wp-json\/wp\/v2\/posts"}],"about":[{"href":"https:\/\/www.wemovenow.com\/en\/wp-json\/wp\/v2\/types\/post"}],"author":[{"embeddable":true,"href":"https:\/\/www.wemovenow.com\/en\/wp-json\/wp\/v2\/users\/1"}],"replies":[{"embeddable":true,"href":"https:\/\/www.wemovenow.com\/en\/wp-json\/wp\/v2\/comments?post=1831"}],"version-history":[{"count":6,"href":"https:\/\/www.wemovenow.com\/en\/wp-json\/wp\/v2\/posts\/1831\/revisions"}],"predecessor-version":[{"id":2712,"href":"https:\/\/www.wemovenow.com\/en\/wp-json\/wp\/v2\/posts\/1831\/revisions\/2712"}],"wp:attachment":[{"href":"https:\/\/www.wemovenow.com\/en\/wp-json\/wp\/v2\/media?parent=1831"}],"wp:term":[{"taxonomy":"category","embeddable":true,"href":"https:\/\/www.wemovenow.com\/en\/wp-json\/wp\/v2\/categories?post=1831"},{"taxonomy":"post_tag","embeddable":true,"href":"https:\/\/www.wemovenow.com\/en\/wp-json\/wp\/v2\/tags?post=1831"}],"curies":[{"name":"wp","href":"https:\/\/api.w.org\/{rel}","templated":true}]}}