{"id":1629,"date":"2019-03-24T10:17:22","date_gmt":"2019-03-24T10:17:22","guid":{"rendered":"http:\/\/www.wemovenow.com\/?p=1629"},"modified":"2019-03-14T02:35:25","modified_gmt":"2019-03-14T02:35:25","slug":"muss-es-denn-immer-ein-auto-sein","status":"publish","type":"post","link":"https:\/\/www.wemovenow.com\/en\/uncategorized\/muss-es-denn-immer-ein-auto-sein\/","title":{"rendered":"Muss es denn immer ein Auto sein?"},"content":{"rendered":"<div data-elementor-type=\"wp-post\" data-elementor-id=\"1629\" class=\"elementor elementor-1629 elementor-bc-flex-widget\">\n\t\t\t\t\t\t<section class=\"has_eae_slider elementor-section elementor-top-section elementor-element elementor-element-60b950e2 elementor-section-boxed elementor-section-height-default elementor-section-height-default\" data-id=\"60b950e2\" data-element_type=\"section\">\n\t\t\t\t\t\t<div class=\"elementor-container elementor-column-gap-default\">\n\t\t\t\t\t<div class=\"has_eae_slider elementor-column elementor-col-100 elementor-top-column elementor-element elementor-element-4effff65\" data-id=\"4effff65\" data-element_type=\"column\">\n\t\t\t<div class=\"elementor-widget-wrap elementor-element-populated\">\n\t\t\t\t\t\t<section class=\"has_eae_slider elementor-section elementor-inner-section elementor-element elementor-element-e52c9a0 elementor-section-boxed elementor-section-height-default elementor-section-height-default\" data-id=\"e52c9a0\" data-element_type=\"section\">\n\t\t\t\t\t\t<div class=\"elementor-container elementor-column-gap-default\">\n\t\t\t\t\t<div class=\"has_eae_slider elementor-column elementor-col-50 elementor-inner-column elementor-element elementor-element-38b3cfb\" data-id=\"38b3cfb\" data-element_type=\"column\">\n\t\t\t<div class=\"elementor-widget-wrap elementor-element-populated\">\n\t\t\t\t\t\t<div class=\"elementor-element elementor-element-5fb7859 elementor-widget elementor-widget-image\" data-id=\"5fb7859\" data-element_type=\"widget\" data-widget_type=\"image.default\">\n\t\t\t\t<div class=\"elementor-widget-container\">\n\t\t\t\t\t\t\t\t\t\t\t\t\t\t\t\t<a href=\"https:\/\/www.cityq.biz\/\" target=\"_blank\">\n\t\t\t\t\t\t\t<img fetchpriority=\"high\" decoding=\"async\" width=\"800\" height=\"600\" src=\"https:\/\/www.wemovenow.com\/wp-content\/uploads\/2019\/03\/cityq-cityq-vehicle-weather-protection-fourwheels-futuristic-look-min.jpg\" class=\"attachment-large size-large wp-image-1642\" alt=\"\" srcset=\"https:\/\/www.wemovenow.com\/wp-content\/uploads\/2019\/03\/cityq-cityq-vehicle-weather-protection-fourwheels-futuristic-look-min.jpg 800w, https:\/\/www.wemovenow.com\/wp-content\/uploads\/2019\/03\/cityq-cityq-vehicle-weather-protection-fourwheels-futuristic-look-min-600x450.jpg 600w, https:\/\/www.wemovenow.com\/wp-content\/uploads\/2019\/03\/cityq-cityq-vehicle-weather-protection-fourwheels-futuristic-look-min-300x225.jpg 300w, https:\/\/www.wemovenow.com\/wp-content\/uploads\/2019\/03\/cityq-cityq-vehicle-weather-protection-fourwheels-futuristic-look-min-768x576.jpg 768w\" sizes=\"(max-width: 800px) 100vw, 800px\" \/>\t\t\t\t\t\t\t\t<\/a>\n\t\t\t\t\t\t\t\t\t\t\t\t\t\t\t<\/div>\n\t\t\t\t<\/div>\n\t\t\t\t\t<\/div>\n\t\t<\/div>\n\t\t\t\t<div class=\"has_eae_slider elementor-column elementor-col-50 elementor-inner-column elementor-element elementor-element-3d8c125\" data-id=\"3d8c125\" data-element_type=\"column\">\n\t\t\t<div class=\"elementor-widget-wrap elementor-element-populated\">\n\t\t\t\t\t\t<div class=\"elementor-element elementor-element-b6c32c3 elementor-widget elementor-widget-text-editor\" data-id=\"b6c32c3\" data-element_type=\"widget\" data-widget_type=\"text-editor.default\">\n\t\t\t\t<div class=\"elementor-widget-container\">\n\t\t\t\t\t\t\t\t\t<p>Norwegen ist ja bekanntlich der Vorreiter in Elektromobilit\u00e4t. Aber dort wird nicht nur in klassischen PKW&#8217;s gedacht, sondern weiter. Kongruent zu unserer Idee mit den Weezln, die den optimalen innerst\u00e4dtischen Autoersatz darstellen, sehen auch die Erfinder von CityQ die Notwendigkeit, das Fahrzeugvolumen zu reduzieren. Speziell dann, wenn das Auto, das ja immer mehr zum SUV ausartet, von lediglich 1 Person besetzt wird. Folgen f\u00fcr Prestige und Show-Off eines Einzelnen, den wir auch gerne als Egoist bezeichnen, sind Verkehrschaos, Ressourcenverschwendung und Emmissionsbelastung f\u00fcr die Allgemeinheit.<\/p><p>Hier tut sich eine ethisch Frage auf: Warum muss ein Nicht-Auto-Besitzer in einer Stadt, der sich mit dem Fahrrad fortbewegt, den Dreck von jemand einatmen, der in einem geschlossenen SUV sitzt und sich die Au\u00dfenluft, die er verdreckt, noch filtern l\u00e4sst? Hier stimmt doch was nicht.<\/p><p>Aber zur\u00fcck zur fantastischen L\u00f6sung von CityQ. 2 Nabenmotoren mit 125 Watt treiben das Gef\u00e4hrt an und die Akkus lassen auch ohne Treten eine Geschwindigkeit von 25 km\/h auf eine Reichweite von 60 &#8211; 100 km zu. Das ganze funktioniert nat\u00fcrlich nur, weil der CityQ lediglich 65 kg wiegt. Das Team hat ein Fahrrad auf 4 R\u00e4dern ins Leben gerufen, das f\u00fcr 2 Personen Platz und auch Wetterschutz bietet. Ein geniales Konzept, das sich auch schon \u00fcber unz\u00e4hlige Vorbestellungen freut. Wenn ihr Interesse habt, k\u00f6nnt ihr direkt per mail an uns an\u00a0<span style=\"font-size: 13px; font-style: normal; font-weight: 400;\">drive(at)myweezl.com\u00a0<\/span><span style=\"font-size: 13px;\">eines vorbestellen oder auch direkt beim\u00a0<\/span><a href=\"https:\/\/www.cityq.biz\/\" target=\"_blank\" rel=\"noopener\">Hersteller<\/a><span style=\"font-size: 13px;\">\u00a0selbst.<\/span><\/p>\t\t\t\t\t\t\t\t<\/div>\n\t\t\t\t<\/div>\n\t\t\t\t\t<\/div>\n\t\t<\/div>\n\t\t\t\t\t<\/div>\n\t\t<\/section>\n\t\t\t\t\t<\/div>\n\t\t<\/div>\n\t\t\t\t\t<\/div>\n\t\t<\/section>\n\t\t\t\t<\/div>","protected":false},"excerpt":{"rendered":"<p>Norwegen ist ja bekanntlich der Vorreiter in Elektromobilit\u00e4t. Aber dort wird nicht nur in klassischen PKW&#8217;s gedacht, sondern weiter. Kongruent zu unserer Idee mit den Weezln, die den optimalen innerst\u00e4dtischen Autoersatz darstellen, sehen auch die Erfinder von CityQ die Notwendigkeit, das Fahrzeugvolumen zu reduzieren. Speziell dann, wenn das Auto, das ja immer mehr zum SUV [&hellip;]<\/p>","protected":false},"author":1,"featured_media":0,"comment_status":"open","ping_status":"open","sticky":false,"template":"","format":"standard","meta":{"footnotes":""},"categories":[1],"tags":[],"class_list":["post-1629","post","type-post","status-publish","format-standard","hentry","category-uncategorized","entry","owp-thumbs-layout-horizontal","owp-btn-normal","owp-tabs-layout-horizontal","has-no-thumbnails","has-product-nav"],"_links":{"self":[{"href":"https:\/\/www.wemovenow.com\/en\/wp-json\/wp\/v2\/posts\/1629","targetHints":{"allow":["GET"]}}],"collection":[{"href":"https:\/\/www.wemovenow.com\/en\/wp-json\/wp\/v2\/posts"}],"about":[{"href":"https:\/\/www.wemovenow.com\/en\/wp-json\/wp\/v2\/types\/post"}],"author":[{"embeddable":true,"href":"https:\/\/www.wemovenow.com\/en\/wp-json\/wp\/v2\/users\/1"}],"replies":[{"embeddable":true,"href":"https:\/\/www.wemovenow.com\/en\/wp-json\/wp\/v2\/comments?post=1629"}],"version-history":[{"count":13,"href":"https:\/\/www.wemovenow.com\/en\/wp-json\/wp\/v2\/posts\/1629\/revisions"}],"predecessor-version":[{"id":1646,"href":"https:\/\/www.wemovenow.com\/en\/wp-json\/wp\/v2\/posts\/1629\/revisions\/1646"}],"wp:attachment":[{"href":"https:\/\/www.wemovenow.com\/en\/wp-json\/wp\/v2\/media?parent=1629"}],"wp:term":[{"taxonomy":"category","embeddable":true,"href":"https:\/\/www.wemovenow.com\/en\/wp-json\/wp\/v2\/categories?post=1629"},{"taxonomy":"post_tag","embeddable":true,"href":"https:\/\/www.wemovenow.com\/en\/wp-json\/wp\/v2\/tags?post=1629"}],"curies":[{"name":"wp","href":"https:\/\/api.w.org\/{rel}","templated":true}]}}