{"id":1506,"date":"2019-01-01T23:09:02","date_gmt":"2019-01-01T23:09:02","guid":{"rendered":"http:\/\/www.wemovenow.com\/?p=1506"},"modified":"2019-01-01T23:54:53","modified_gmt":"2019-01-01T23:54:53","slug":"das-jahr-2019-wird-elektrisch","status":"publish","type":"post","link":"https:\/\/www.wemovenow.com\/en\/uncategorized\/das-jahr-2019-wird-elektrisch\/","title":{"rendered":"Das Jahr 2019 wird elektrisch"},"content":{"rendered":"<div data-elementor-type=\"wp-post\" data-elementor-id=\"1506\" class=\"elementor elementor-1506 elementor-bc-flex-widget\">\n\t\t\t\t\t\t<section class=\"has_eae_slider elementor-section elementor-top-section elementor-element elementor-element-60b950e2 elementor-section-boxed elementor-section-height-default elementor-section-height-default\" data-id=\"60b950e2\" data-element_type=\"section\">\n\t\t\t\t\t\t<div class=\"elementor-container elementor-column-gap-default\">\n\t\t\t\t\t<div class=\"has_eae_slider elementor-column elementor-col-100 elementor-top-column elementor-element elementor-element-4effff65\" data-id=\"4effff65\" data-element_type=\"column\">\n\t\t\t<div class=\"elementor-widget-wrap elementor-element-populated\">\n\t\t\t\t\t\t<section class=\"has_eae_slider elementor-section elementor-inner-section elementor-element elementor-element-e52c9a0 elementor-section-boxed elementor-section-height-default elementor-section-height-default\" data-id=\"e52c9a0\" data-element_type=\"section\">\n\t\t\t\t\t\t<div class=\"elementor-container elementor-column-gap-default\">\n\t\t\t\t\t<div class=\"has_eae_slider elementor-column elementor-col-50 elementor-inner-column elementor-element elementor-element-38b3cfb\" data-id=\"38b3cfb\" data-element_type=\"column\">\n\t\t\t<div class=\"elementor-widget-wrap elementor-element-populated\">\n\t\t\t\t\t\t<div class=\"elementor-element elementor-element-2d34003 elementor-widget elementor-widget-image\" data-id=\"2d34003\" data-element_type=\"widget\" data-widget_type=\"image.default\">\n\t\t\t\t<div class=\"elementor-widget-container\">\n\t\t\t\t\t\t\t\t\t\t\t\t\t\t\t<img fetchpriority=\"high\" decoding=\"async\" width=\"1024\" height=\"768\" src=\"https:\/\/www.wemovenow.com\/wp-content\/uploads\/2019\/01\/Charging_stations_in_SF_City_Hall_02_2009_02-1024x768.jpg\" class=\"attachment-large size-large wp-image-1508\" alt=\"\" srcset=\"https:\/\/www.wemovenow.com\/wp-content\/uploads\/2019\/01\/Charging_stations_in_SF_City_Hall_02_2009_02.jpg 1024w, https:\/\/www.wemovenow.com\/wp-content\/uploads\/2019\/01\/Charging_stations_in_SF_City_Hall_02_2009_02-600x450.jpg 600w, https:\/\/www.wemovenow.com\/wp-content\/uploads\/2019\/01\/Charging_stations_in_SF_City_Hall_02_2009_02-300x225.jpg 300w, https:\/\/www.wemovenow.com\/wp-content\/uploads\/2019\/01\/Charging_stations_in_SF_City_Hall_02_2009_02-768x576.jpg 768w\" sizes=\"(max-width: 1024px) 100vw, 1024px\" \/>\t\t\t\t\t\t\t\t\t\t\t\t\t\t\t<\/div>\n\t\t\t\t<\/div>\n\t\t\t\t<div class=\"elementor-element elementor-element-bf1fe92 elementor-widget elementor-widget-image\" data-id=\"bf1fe92\" data-element_type=\"widget\" data-widget_type=\"image.default\">\n\t\t\t\t<div class=\"elementor-widget-container\">\n\t\t\t\t\t\t\t\t\t\t\t\t\t\t\t\t<a href=\"https:\/\/www.heise.de\/newsticker\/meldung\/ADAC-findet-Elektroautos-oft-ueberraschend-guenstig-4209264.html\" target=\"_blank\">\n\t\t\t\t\t\t\t<img decoding=\"async\" src=\"http:\/\/www.wemovenow.com\/wp-content\/uploads\/2018\/11\/elektroautos-halten-laenger.png\" title=\"\" alt=\"\" loading=\"lazy\" \/>\t\t\t\t\t\t\t\t<\/a>\n\t\t\t\t\t\t\t\t\t\t\t\t\t\t\t<\/div>\n\t\t\t\t<\/div>\n\t\t\t\t\t<\/div>\n\t\t<\/div>\n\t\t\t\t<div class=\"has_eae_slider elementor-column elementor-col-50 elementor-inner-column elementor-element elementor-element-3d8c125\" data-id=\"3d8c125\" data-element_type=\"column\">\n\t\t\t<div class=\"elementor-widget-wrap elementor-element-populated\">\n\t\t\t\t\t\t<div class=\"elementor-element elementor-element-bdc1537 elementor-widget elementor-widget-text-editor\" data-id=\"bdc1537\" data-element_type=\"widget\" data-widget_type=\"text-editor.default\">\n\t\t\t\t<div class=\"elementor-widget-container\">\n\t\t\t\t\t\t\t\t\t<p>Wann kommt der Durchbruch der Elektromobilit\u00e4t? 2019, 2020, 2021?<\/p><p>Glauben schenken darf man leider weder den Schlagzeilen, noch irgendwelchen Boulevard-Journalen. Am besten eignet sich zur Informationsbeschaffung im digitalen Zeitalter vermutlich am besten youtube oder andere Videokan\u00e4le. Ob wir bereits mitten im Durchbruch sind? Eher im Umbruch. Elektromobilit\u00e4t ist n\u00e4mlich nicht mit Energiewende zu verwechseln, sondern wir befinden uns tats\u00e4chlich im Umbau unseres kompletten Energiesystems von fossilen Brennstoffen zu erneuerbaren. Das hei\u00dft, wir bewegen uns tats\u00e4chlich weg vom Verbrennungsmotor, der selbst mit ausgefeiltester Technik eine unabstreitbar veraltete Technologie darstellt hin zum zigfach effizienteren Elektromotor.<\/p><p>Der Motor allein ist ca. 9x so effizient wie ein Benzin-, Diesel- oder Erdgasmotor. Die Gesamteffizienz bel\u00e4uft sich auf das vierfache. Das hei\u00dft wiederum, dass wir mit dem Elektroauto bei gleicher Energiezufuhr vier mal so weit kommen als mit einem Verbrenner. Oder anders rum. An Energiekosten wird lediglich ein Viertel eines Verbrenners f\u00e4llig. Im Betrieb wird also bei Elektroautos geh\u00f6rig gespart.<\/p><p>Das beliebte Thema der Reichweite ist mit Ende 2018\/Anfang 2019 endlich auch Schnee von gestern. Nat\u00fcrlich haben es die deutschen Automobilhersteller verschlafen und noch nicht auf die Reihe gebracht, aber Hyundai und Kia zeigen, dass 450 km realistische Reichweite leicht schaffbar sind. Genau, du hast dich nicht verlesen. Was bis dato nur\u00a0<a href=\"https:\/\/www.tesla.com\/de_AT\/\" target=\"_blank\" rel=\"noopener\">Tesla<\/a>\u00a0konnte bzw. fairerweise muss man sagen wollte (!), weil Tesla alle Daten als Open Source offen gelegt hat, aber von VW, Daimler, BMW und dergleichen ignoriert wurde, k\u00f6nnen Asiaten nat\u00fcrlich auch. Und wenn man sich in den\u00a0<a href=\"https:\/\/www.hyundai.at\/Showroom\/SUV\/KONA-Elektro.aspx\" target=\"_blank\" rel=\"noopener\">Hyundai Kona<\/a>\u00a0oder\u00a0<a href=\"https:\/\/www.kia.com\/at\/modelle\/e-niro\/discover\/\" target=\"_blank\" rel=\"noopener\">Kia Niro<\/a>\u00a0setzt, schl\u00e4gt das Herz nicht nur bei Elektroauto-Fans h\u00f6her, sondern l\u00e4sst jeden, der bis dato noch sein Herz und Hirn der deutschen Automobilindustrie geschenkt bzw. geopfert hat, umsteigen.\u00a0<a href=\"https:\/\/zhidou-austria.at\/\" target=\"_blank\" rel=\"noopener\">ZhiDou<\/a>\u00a0ist bereits mit dem D2 und D2S am europ\u00e4ischen Markt. Dazu kommen D3 und weitere Modelle bis hin zu Nutzfahrzeugen von Cenntro Metro. Da diese asiatische Marke besonders durch ihr Preis-Leistungs-Verh\u00e4ltnis besticht, hat sich auch\u00a0<a href=\"http:\/\/www.wemovenow.com\/en\/e-flitzer\/\" target=\"_blank\" rel=\"noopener\">movenow<\/a>\u00a0einen ZhiDou in die Flotte aufgenommen, der ab J\u00e4nner im Carsharing zur Verf\u00fcgung steht. Nissan produziert den Leaf mit gro\u00dfer Batterie und auch Renault besticht mit den neuen Zoe&#8217;s.\u00a0<\/p><p>Ebenso will sich der chinesische Konzern BYD auf den europ\u00e4ischen Markt st\u00fcrzen. Da das aber Spekulationen sind, genauso wie Ideen und Konzeptcars von VW, Daimler und BMW, werden wir dann berichten, wenn sie auch auf dem Markt sind. Aber das kann ja erfahrungsgem\u00e4\u00df dauern. Das Ausruhen der letzten Jahre und Festhalten der antiquarischen Technologie des Diesel- und Benzinmotors wird ihnen nun zum Verh\u00e4ngnis. Immerhin will ja VW auch ab 2026 keine Verbrenner mehr bauen. Wir werden sehen. Wenn bis dahin Tesla nicht schon den Markt besetzt hat&#8230;<\/p><p>MOVENOW w\u00fcnscht allen ein erfolgreiches, elektrisches Jahr 2019 und verteilt dazu 10x Gutscheine f\u00fcr WEEZL-Fahrten an die ersten, die hier kommentieren oder eine email schreiben an: drive@myweezl.com<\/p>\t\t\t\t\t\t\t\t<\/div>\n\t\t\t\t<\/div>\n\t\t\t\t\t<\/div>\n\t\t<\/div>\n\t\t\t\t\t<\/div>\n\t\t<\/section>\n\t\t\t\t\t<\/div>\n\t\t<\/div>\n\t\t\t\t\t<\/div>\n\t\t<\/section>\n\t\t\t\t<\/div>","protected":false},"excerpt":{"rendered":"<p>Wann kommt der Durchbruch der Elektromobilit\u00e4t? 2019, 2020, 2021? Glauben schenken darf man leider weder den Schlagzeilen, noch irgendwelchen Boulevard-Journalen. Am besten eignet sich zur Informationsbeschaffung im digitalen Zeitalter vermutlich am besten youtube oder andere Videokan\u00e4le. Ob wir bereits mitten im Durchbruch sind? Eher im Umbruch. Elektromobilit\u00e4t ist n\u00e4mlich nicht mit Energiewende zu verwechseln, sondern [&hellip;]<\/p>","protected":false},"author":1,"featured_media":0,"comment_status":"open","ping_status":"open","sticky":false,"template":"","format":"standard","meta":{"footnotes":""},"categories":[1],"tags":[],"class_list":["post-1506","post","type-post","status-publish","format-standard","hentry","category-uncategorized","entry","owp-thumbs-layout-horizontal","owp-btn-normal","owp-tabs-layout-horizontal","has-no-thumbnails","has-product-nav"],"_links":{"self":[{"href":"https:\/\/www.wemovenow.com\/en\/wp-json\/wp\/v2\/posts\/1506","targetHints":{"allow":["GET"]}}],"collection":[{"href":"https:\/\/www.wemovenow.com\/en\/wp-json\/wp\/v2\/posts"}],"about":[{"href":"https:\/\/www.wemovenow.com\/en\/wp-json\/wp\/v2\/types\/post"}],"author":[{"embeddable":true,"href":"https:\/\/www.wemovenow.com\/en\/wp-json\/wp\/v2\/users\/1"}],"replies":[{"embeddable":true,"href":"https:\/\/www.wemovenow.com\/en\/wp-json\/wp\/v2\/comments?post=1506"}],"version-history":[{"count":5,"href":"https:\/\/www.wemovenow.com\/en\/wp-json\/wp\/v2\/posts\/1506\/revisions"}],"predecessor-version":[{"id":1513,"href":"https:\/\/www.wemovenow.com\/en\/wp-json\/wp\/v2\/posts\/1506\/revisions\/1513"}],"wp:attachment":[{"href":"https:\/\/www.wemovenow.com\/en\/wp-json\/wp\/v2\/media?parent=1506"}],"wp:term":[{"taxonomy":"category","embeddable":true,"href":"https:\/\/www.wemovenow.com\/en\/wp-json\/wp\/v2\/categories?post=1506"},{"taxonomy":"post_tag","embeddable":true,"href":"https:\/\/www.wemovenow.com\/en\/wp-json\/wp\/v2\/tags?post=1506"}],"curies":[{"name":"wp","href":"https:\/\/api.w.org\/{rel}","templated":true}]}}