{"id":1217,"date":"2018-11-08T20:44:51","date_gmt":"2018-11-08T20:44:51","guid":{"rendered":"http:\/\/www.wemovenow.com\/?p=1217"},"modified":"2018-11-08T21:35:16","modified_gmt":"2018-11-08T21:35:16","slug":"sind-elektroautos-die-zukunft","status":"publish","type":"post","link":"https:\/\/www.wemovenow.com\/en\/uncategorized\/sind-elektroautos-die-zukunft\/","title":{"rendered":"Sind Elektroautos die Zukunft?"},"content":{"rendered":"<div data-elementor-type=\"wp-post\" data-elementor-id=\"1217\" class=\"elementor elementor-1217 elementor-bc-flex-widget\">\n\t\t\t\t\t\t<section class=\"has_eae_slider elementor-section elementor-top-section elementor-element elementor-element-60b950e2 elementor-section-boxed elementor-section-height-default elementor-section-height-default\" data-id=\"60b950e2\" data-element_type=\"section\">\n\t\t\t\t\t\t<div class=\"elementor-container elementor-column-gap-default\">\n\t\t\t\t\t<div class=\"has_eae_slider elementor-column elementor-col-100 elementor-top-column elementor-element elementor-element-4effff65\" data-id=\"4effff65\" data-element_type=\"column\">\n\t\t\t<div class=\"elementor-widget-wrap elementor-element-populated\">\n\t\t\t\t\t\t<section class=\"has_eae_slider elementor-section elementor-inner-section elementor-element elementor-element-e52c9a0 elementor-section-boxed elementor-section-height-default elementor-section-height-default\" data-id=\"e52c9a0\" data-element_type=\"section\">\n\t\t\t\t\t\t<div class=\"elementor-container elementor-column-gap-default\">\n\t\t\t\t\t<div class=\"has_eae_slider elementor-column elementor-col-50 elementor-inner-column elementor-element elementor-element-38b3cfb\" data-id=\"38b3cfb\" data-element_type=\"column\">\n\t\t\t<div class=\"elementor-widget-wrap elementor-element-populated\">\n\t\t\t\t\t\t<div class=\"elementor-element elementor-element-a80649e elementor-widget elementor-widget-video\" data-id=\"a80649e\" data-element_type=\"widget\" data-settings=\"{&quot;youtube_url&quot;:&quot;https:\\\/\\\/www.youtube.com\\\/watch?v=HfWOTMz5HUI&quot;,&quot;video_type&quot;:&quot;youtube&quot;,&quot;controls&quot;:&quot;yes&quot;}\" data-widget_type=\"video.default\">\n\t\t\t\t<div class=\"elementor-widget-container\">\n\t\t\t\t\t\t\t<div class=\"elementor-wrapper elementor-open-inline\">\n\t\t\t<div class=\"elementor-video\"><\/div>\t\t<\/div>\n\t\t\t\t\t\t<\/div>\n\t\t\t\t<\/div>\n\t\t\t\t<div class=\"elementor-element elementor-element-bf1fe92 elementor-widget elementor-widget-image\" data-id=\"bf1fe92\" data-element_type=\"widget\" data-widget_type=\"image.default\">\n\t\t\t\t<div class=\"elementor-widget-container\">\n\t\t\t\t\t\t\t\t\t\t\t\t\t\t\t\t<a href=\"https:\/\/www.heise.de\/newsticker\/meldung\/ADAC-findet-Elektroautos-oft-ueberraschend-guenstig-4209264.html\" target=\"_blank\">\n\t\t\t\t\t\t\t<img decoding=\"async\" src=\"http:\/\/www.wemovenow.com\/wp-content\/uploads\/2018\/11\/elektroautos-halten-laenger.png\" title=\"\" alt=\"\" loading=\"lazy\" \/>\t\t\t\t\t\t\t\t<\/a>\n\t\t\t\t\t\t\t\t\t\t\t\t\t\t\t<\/div>\n\t\t\t\t<\/div>\n\t\t\t\t\t<\/div>\n\t\t<\/div>\n\t\t\t\t<div class=\"has_eae_slider elementor-column elementor-col-50 elementor-inner-column elementor-element elementor-element-3d8c125\" data-id=\"3d8c125\" data-element_type=\"column\">\n\t\t\t<div class=\"elementor-widget-wrap elementor-element-populated\">\n\t\t\t\t\t\t<div class=\"elementor-element elementor-element-bdc1537 elementor-widget elementor-widget-text-editor\" data-id=\"bdc1537\" data-element_type=\"widget\" data-widget_type=\"text-editor.default\">\n\t\t\t\t<div class=\"elementor-widget-container\">\n\t\t\t\t\t\t\t\t\t<p>Nat\u00fcrlich h\u00f6rt man mittlerweile beinahe t\u00e4glich, ob Elektroautos wirklich die Zukunft sind oder nur eine Modeerscheinung. Angefangen vom Zeitungsverk\u00e4ufer bis hin zum Manager spekulieren alle, wie sich die Situation auf unseren Stra\u00dfen in den n\u00e4chsten Jahren \u00e4ndern wird. Wo Elektroflitzer auf unseren Stra\u00dfen auffallen, aber noch in der Unterzahl sind, fahren beispielsweise in Norwegen \u00fcber 50% Elektroautos auf den Stra\u00dfen.\u00a0<\/p><p>Nat\u00fcrlich glauben wir viel leichter, wenn wir etwas mit eigenen Augen sehen. Deshalb haben wir f\u00fcr euch eine Video geteilt, das bereits vom M\u00e4rz diesen Jahres ist. Es zeigt also den Status Quo vor gut einem dreiviertel Jahr. Ohne hier wissenschaftliche Studien \u00fcber Elektromobilit\u00e4t heranziehen zu m\u00fcssen, ist ganz klar ersichtlich, dass es nicht nur eine Handvoll Elektroautos gibt, sondern jeder namhafte Hersteller auf den Zug der Elektromobilit\u00e4t aufspringt. Bis auf ein paar, die noch immer krampfhaft am Verbrennungsmotor festhalten und mit ihm untergehen.\u00a0<\/p><p>Lustigerweise ist Ford, der ja eigentlich innovativ sein sollte, auf der Auto-Show ein wenig der Au\u00dfenseiter, weil er nicht wirklich erkannt hat, dass der Verbrennungsmotor ausgedient hat. Bedenklicherweise sind nat\u00fcrlich auch die deutschen Automobilhersteller, die maximal Concept-Cars pr\u00e4sentieren. Dazu f\u00e4llt nur folgendes ein: Wer nicht mit der Zeit geht, geht mit der Zeit.\u00a0<span style=\"font-size: 13px; font-style: normal; font-weight: 400;\">Und ja, Elektroautos sind schneidiger und viel ansprechender als jeder Verbrenner.\u00a0<\/span><\/p><p>Wenn also 90% der Automobilhersteller Elektroautos pr\u00e4sentieren, dann kann die Frage, ob Elektroautos die Zukunft sind, jeder f\u00fcr sich selbst beantworten.<\/p>\t\t\t\t\t\t\t\t<\/div>\n\t\t\t\t<\/div>\n\t\t\t\t\t<\/div>\n\t\t<\/div>\n\t\t\t\t\t<\/div>\n\t\t<\/section>\n\t\t\t\t\t<\/div>\n\t\t<\/div>\n\t\t\t\t\t<\/div>\n\t\t<\/section>\n\t\t\t\t<\/div>","protected":false},"excerpt":{"rendered":"<p>Nat\u00fcrlich h\u00f6rt man mittlerweile beinahe t\u00e4glich, ob Elektroautos wirklich die Zukunft sind oder nur eine Modeerscheinung. Angefangen vom Zeitungsverk\u00e4ufer bis hin zum Manager spekulieren alle, wie sich die Situation auf unseren Stra\u00dfen in den n\u00e4chsten Jahren \u00e4ndern wird. Wo Elektroflitzer auf unseren Stra\u00dfen auffallen, aber noch in der Unterzahl sind, fahren beispielsweise in Norwegen \u00fcber [&hellip;]<\/p>","protected":false},"author":1,"featured_media":0,"comment_status":"open","ping_status":"open","sticky":false,"template":"","format":"standard","meta":{"footnotes":""},"categories":[1],"tags":[],"class_list":["post-1217","post","type-post","status-publish","format-standard","hentry","category-uncategorized","entry","owp-thumbs-layout-horizontal","owp-btn-normal","owp-tabs-layout-horizontal","has-no-thumbnails","has-product-nav"],"_links":{"self":[{"href":"https:\/\/www.wemovenow.com\/en\/wp-json\/wp\/v2\/posts\/1217","targetHints":{"allow":["GET"]}}],"collection":[{"href":"https:\/\/www.wemovenow.com\/en\/wp-json\/wp\/v2\/posts"}],"about":[{"href":"https:\/\/www.wemovenow.com\/en\/wp-json\/wp\/v2\/types\/post"}],"author":[{"embeddable":true,"href":"https:\/\/www.wemovenow.com\/en\/wp-json\/wp\/v2\/users\/1"}],"replies":[{"embeddable":true,"href":"https:\/\/www.wemovenow.com\/en\/wp-json\/wp\/v2\/comments?post=1217"}],"version-history":[{"count":3,"href":"https:\/\/www.wemovenow.com\/en\/wp-json\/wp\/v2\/posts\/1217\/revisions"}],"predecessor-version":[{"id":1221,"href":"https:\/\/www.wemovenow.com\/en\/wp-json\/wp\/v2\/posts\/1217\/revisions\/1221"}],"wp:attachment":[{"href":"https:\/\/www.wemovenow.com\/en\/wp-json\/wp\/v2\/media?parent=1217"}],"wp:term":[{"taxonomy":"category","embeddable":true,"href":"https:\/\/www.wemovenow.com\/en\/wp-json\/wp\/v2\/categories?post=1217"},{"taxonomy":"post_tag","embeddable":true,"href":"https:\/\/www.wemovenow.com\/en\/wp-json\/wp\/v2\/tags?post=1217"}],"curies":[{"name":"wp","href":"https:\/\/api.w.org\/{rel}","templated":true}]}}