{"id":1163,"date":"2018-10-26T20:40:24","date_gmt":"2018-10-26T20:40:24","guid":{"rendered":"http:\/\/www.wemovenow.com\/?p=1163"},"modified":"2018-10-26T20:43:34","modified_gmt":"2018-10-26T20:43:34","slug":"aktuelles-zur-akku-entwicklung-in-elektroautos","status":"publish","type":"post","link":"https:\/\/www.wemovenow.com\/en\/uncategorized\/aktuelles-zur-akku-entwicklung-in-elektroautos\/","title":{"rendered":"Aktuelles zur Akku-Entwicklung in Elektroautos"},"content":{"rendered":"<div data-elementor-type=\"wp-post\" data-elementor-id=\"1163\" class=\"elementor elementor-1163 elementor-bc-flex-widget\">\n\t\t\t\t\t\t<section class=\"has_eae_slider elementor-section elementor-top-section elementor-element elementor-element-60b950e2 elementor-section-boxed elementor-section-height-default elementor-section-height-default\" data-id=\"60b950e2\" data-element_type=\"section\">\n\t\t\t\t\t\t<div class=\"elementor-container elementor-column-gap-default\">\n\t\t\t\t\t<div class=\"has_eae_slider elementor-column elementor-col-100 elementor-top-column elementor-element elementor-element-4effff65\" data-id=\"4effff65\" data-element_type=\"column\">\n\t\t\t<div class=\"elementor-widget-wrap elementor-element-populated\">\n\t\t\t\t\t\t<section class=\"has_eae_slider elementor-section elementor-inner-section elementor-element elementor-element-e52c9a0 elementor-section-boxed elementor-section-height-default elementor-section-height-default\" data-id=\"e52c9a0\" data-element_type=\"section\">\n\t\t\t\t\t\t<div class=\"elementor-container elementor-column-gap-default\">\n\t\t\t\t\t<div class=\"has_eae_slider elementor-column elementor-col-50 elementor-inner-column elementor-element elementor-element-38b3cfb\" data-id=\"38b3cfb\" data-element_type=\"column\">\n\t\t\t<div class=\"elementor-widget-wrap elementor-element-populated\">\n\t\t\t\t\t\t<div class=\"elementor-element elementor-element-7ddfd38 elementor-widget elementor-widget-video\" data-id=\"7ddfd38\" data-element_type=\"widget\" data-settings=\"{&quot;youtube_url&quot;:&quot;https:\\\/\\\/www.youtube.com\\\/watch?v=sJ3BJ7Fc0dg&quot;,&quot;video_type&quot;:&quot;youtube&quot;,&quot;controls&quot;:&quot;yes&quot;}\" data-widget_type=\"video.default\">\n\t\t\t\t<div class=\"elementor-widget-container\">\n\t\t\t\t\t\t\t<div class=\"elementor-wrapper elementor-open-inline\">\n\t\t\t<div class=\"elementor-video\"><\/div>\t\t<\/div>\n\t\t\t\t\t\t<\/div>\n\t\t\t\t<\/div>\n\t\t\t\t\t<\/div>\n\t\t<\/div>\n\t\t\t\t<div class=\"has_eae_slider elementor-column elementor-col-50 elementor-inner-column elementor-element elementor-element-3d8c125\" data-id=\"3d8c125\" data-element_type=\"column\">\n\t\t\t<div class=\"elementor-widget-wrap elementor-element-populated\">\n\t\t\t\t\t\t<div class=\"elementor-element elementor-element-bdc1537 elementor-widget elementor-widget-text-editor\" data-id=\"bdc1537\" data-element_type=\"widget\" data-widget_type=\"text-editor.default\">\n\t\t\t\t<div class=\"elementor-widget-container\">\n\t\t\t\t\t\t\t\t\t<p><span style=\"font-size: 13px;\">Wie in diesem Video vom August diesen Jahres ersichtlich ist, werden Batterien von Elektroautos laut Fisker bereits n\u00e4chstes Jahr neue Dimensionen erreichen. In den n\u00e4chsten Jahren werden sie dann standardm\u00e4\u00dfig in Fahrzeugen verbaut werden. Damit wird das immer-wieder kehrende Reichweiten-Thema der Autoindustrie endlich der Geschichte angeh\u00f6ren. Vor allem, wenn der Ladevorgang schneller als ein Tankvorgang ist. Wir freuen uns nat\u00fcrlich auch auf den Tag, wenn das Elektroauto weniger kostet als ein Verbrennungs-PKW. Aktuell rechnet sich ein &#8222;richtiges&#8220; Elektroauto, also von Hyundai, Renault oder Nissan bereits<\/span><span style=\"font-size: 13px; font-style: normal; font-weight: 400;\">\u00a0<\/span><span style=\"font-size: 13px;\">nach 50.000 &#8211; 100.000 km. Wenn es zuk\u00fcnftig in der Anschaffung auch weniger kostet, werden Verbrenner h\u00f6chstens als antiquarische Exemplare gehandelt werden. Das Video gibt Aufschluss.<\/span><\/p>\t\t\t\t\t\t\t\t<\/div>\n\t\t\t\t<\/div>\n\t\t\t\t\t<\/div>\n\t\t<\/div>\n\t\t\t\t\t<\/div>\n\t\t<\/section>\n\t\t\t\t\t<\/div>\n\t\t<\/div>\n\t\t\t\t\t<\/div>\n\t\t<\/section>\n\t\t\t\t<\/div>","protected":false},"excerpt":{"rendered":"<p>https:\/\/www.youtube.com\/watch?v=sJ3BJ7Fc0dg Wie in diesem Video vom August diesen Jahres ersichtlich ist, werden Batterien von Elektroautos laut Fisker bereits n\u00e4chstes Jahr neue Dimensionen erreichen. In den n\u00e4chsten Jahren werden sie dann standardm\u00e4\u00dfig in Fahrzeugen verbaut werden. Damit wird das immer-wieder kehrende Reichweiten-Thema der Autoindustrie endlich der Geschichte angeh\u00f6ren. Vor allem, wenn der Ladevorgang schneller als ein [&hellip;]<\/p>","protected":false},"author":1,"featured_media":0,"comment_status":"open","ping_status":"open","sticky":false,"template":"","format":"standard","meta":{"footnotes":""},"categories":[1],"tags":[],"class_list":["post-1163","post","type-post","status-publish","format-standard","hentry","category-uncategorized","entry","owp-thumbs-layout-horizontal","owp-btn-normal","owp-tabs-layout-horizontal","has-no-thumbnails","has-product-nav"],"_links":{"self":[{"href":"https:\/\/www.wemovenow.com\/en\/wp-json\/wp\/v2\/posts\/1163","targetHints":{"allow":["GET"]}}],"collection":[{"href":"https:\/\/www.wemovenow.com\/en\/wp-json\/wp\/v2\/posts"}],"about":[{"href":"https:\/\/www.wemovenow.com\/en\/wp-json\/wp\/v2\/types\/post"}],"author":[{"embeddable":true,"href":"https:\/\/www.wemovenow.com\/en\/wp-json\/wp\/v2\/users\/1"}],"replies":[{"embeddable":true,"href":"https:\/\/www.wemovenow.com\/en\/wp-json\/wp\/v2\/comments?post=1163"}],"version-history":[{"count":3,"href":"https:\/\/www.wemovenow.com\/en\/wp-json\/wp\/v2\/posts\/1163\/revisions"}],"predecessor-version":[{"id":1166,"href":"https:\/\/www.wemovenow.com\/en\/wp-json\/wp\/v2\/posts\/1163\/revisions\/1166"}],"wp:attachment":[{"href":"https:\/\/www.wemovenow.com\/en\/wp-json\/wp\/v2\/media?parent=1163"}],"wp:term":[{"taxonomy":"category","embeddable":true,"href":"https:\/\/www.wemovenow.com\/en\/wp-json\/wp\/v2\/categories?post=1163"},{"taxonomy":"post_tag","embeddable":true,"href":"https:\/\/www.wemovenow.com\/en\/wp-json\/wp\/v2\/tags?post=1163"}],"curies":[{"name":"wp","href":"https:\/\/api.w.org\/{rel}","templated":true}]}}